"\n    \u003Clink media=\u0022all\u0022 rel=\u0022stylesheet\u0022 href=\u0022\/assets\/frontend\/css\/lightgallery.css\u0022\u003E\n    \u003Cmeta property=\u0022og:title\u0022 content=\u0022Ganadores del concurso CONCURSO DE FOTOGRAF\u00cdA TAURINA Y FIESTAS DE SEGORBE\u0022\/\u003E\n    \u003Cmeta property=\u0022og:description\u0022 content=\u0022Resultados del concurso CONCURSO DE FOTOGRAF\u00cdA TAURINA Y FIESTAS DE SEGORBE\u0022\/\u003E\n    \u003Cmeta property=\u0022og:type\u0022 content=\u0022article\u0022\/\u003E\n    \u003Cmeta property=\u0022og:url\u0022\n          content=\u0022http:\/\/mundoarti.com\/concursos\/resultados\/CFE0951\/106\/137\/\u0022\/\u003E\n\n                                                \u003Cmeta property=\u0022og:image\u0022\n                      content=\u0022http:\/\/mundoarti.com\/uploads\/foto-obra\/5baf2f18a3a1d-ANL4814.jpg\u0022\/\u003E\n                \u003Cmeta property=\u0022og:image:alt\u0022 content=\u0022\u0022\/\u003E\n                        \n\n\n\n\n    \n    \n        \u003Cdiv class=\u0022container mt-5\u0022\u003E\n            \u003Ch2 class=\u0022title align-center title-border-bottom\u0022\u003E\n                Ganadores\n            \u003C\/h2\u003E\n            \u003Cdiv class=\u0022light_gallery\u0022\u003E\n                                    \u003Cdiv class=\u0022col-12 flex flex-wrap justify-content-start\u0022\u003E\n                                                    \n            \n                                                            \n                 \n    \n                        \n    \n    \n    \u003Cdiv class=\u0022col-lg-3 col-sm-6\u0022\u003E\n        \u003Cdiv class=\u0022shop__products__item hover__box\u0022 style=\u0022padding: 0 10px\u0022\u003E\n            \u003Cdiv class=\u0022shop__products__thumb hover__box__thumb flex align-items-center justify-content-center\u0022\u003E\n                                \u003Ca title=\u0022LUCES Y SOMBRAS\u0022 href=\u0022https:\/\/www.mundoarti.com\/media\/cache\/resolve\/watermark_filter\/foto-obra\/5baf2f18a3a1d-ANL4814.jpg\u0022 class=\u0022grid-item\u0022 rel=\u0022nofollow\u0022\u003E\n                                        \u003Cimg data-src=\u0022https:\/\/www.mundoarti.com\/media\/cache\/resolve\/watermark_filter\/foto-obra\/5baf2f18a3a1d-ANL4814.jpg\u0022\n                         alt=\u0022LUCES Y SOMBRAS\u0022 class=\u0022lazyload\u0022\u003E\n                    \u003C\/a\u003E\n                                                                    \n            \u003C\/div\u003E\n            \u003Cdiv class=\u0022shop__products__info\u0022\u003E\n                \u003Ch3\u003E\n                    \u003Ca title=\u0022LUCES Y SOMBRAS\u0022\u003ELUCES Y SOMBRAS\u003C\/a\u003E\n                \u003C\/h3\u003E\n                \u003Cdiv class=\u0022py-1\u0022\u003ERub\u00e9n Albarr\u00e1n Beltr\u00e1n\u003C\/div\u003E\n                                    \u003Ch3 class=\u0022mt-3\u0022\u003E400 euros y diploma\u003C\/h3\u003E\n                                            \u003C\/div\u003E\n        \u003C\/div\u003E\n    \u003C\/div\u003E\n\n\n                                                    \n            \n                                                            \n                 \n    \n                        \n    \n    \n    \u003Cdiv class=\u0022col-lg-3 col-sm-6\u0022\u003E\n        \u003Cdiv class=\u0022shop__products__item hover__box\u0022 style=\u0022padding: 0 10px\u0022\u003E\n            \u003Cdiv class=\u0022shop__products__thumb hover__box__thumb flex align-items-center justify-content-center\u0022\u003E\n                                \u003Ca title=\u0022NUESTRO FUTURO*\u0022 href=\u0022https:\/\/www.mundoarti.com\/media\/cache\/resolve\/watermark_filter\/foto-obra\/5bb37b94ef3d7-APA2660.jpg\u0022 class=\u0022grid-item\u0022 rel=\u0022nofollow\u0022\u003E\n                                        \u003Cimg data-src=\u0022https:\/\/www.mundoarti.com\/media\/cache\/resolve\/watermark_filter\/foto-obra\/5bb37b94ef3d7-APA2660.jpg\u0022\n                         alt=\u0022NUESTRO FUTURO*\u0022 class=\u0022lazyload\u0022\u003E\n                    \u003C\/a\u003E\n                                                                    \n            \u003C\/div\u003E\n            \u003Cdiv class=\u0022shop__products__info\u0022\u003E\n                \u003Ch3\u003E\n                    \u003Ca title=\u0022NUESTRO FUTURO*\u0022\u003ENUESTRO FUTURO*\u003C\/a\u003E\n                \u003C\/h3\u003E\n                \u003Cdiv class=\u0022py-1\u0022\u003EFotograf\u00eda Anal\u00f3gica\u003C\/div\u003E\n                                    \u003Ch3 class=\u0022mt-3\u0022\u003ESeleccionados\u003C\/h3\u003E\n                                            \u003C\/div\u003E\n        \u003C\/div\u003E\n    \u003C\/div\u003E\n\n\n                                                    \n            \n                                                            \n                 \n    \n                        \n    \n    \n    \u003Cdiv class=\u0022col-lg-3 col-sm-6\u0022\u003E\n        \u003Cdiv class=\u0022shop__products__item hover__box\u0022 style=\u0022padding: 0 10px\u0022\u003E\n            \u003Cdiv class=\u0022shop__products__thumb hover__box__thumb flex align-items-center justify-content-center\u0022\u003E\n                                \u003Ca title=\u0022EL INICIO DE LA LIDIA\u0022 href=\u0022https:\/\/www.mundoarti.com\/media\/cache\/resolve\/watermark_filter\/foto-obra\/5baa301284b6d-AJR5998.jpg\u0022 class=\u0022grid-item\u0022 rel=\u0022nofollow\u0022\u003E\n                                        \u003Cimg data-src=\u0022https:\/\/www.mundoarti.com\/media\/cache\/resolve\/watermark_filter\/foto-obra\/5baa301284b6d-AJR5998.jpg\u0022\n                         alt=\u0022EL INICIO DE LA LIDIA\u0022 class=\u0022lazyload\u0022\u003E\n                    \u003C\/a\u003E\n                                                                    \n            \u003C\/div\u003E\n            \u003Cdiv class=\u0022shop__products__info\u0022\u003E\n                \u003Ch3\u003E\n                    \u003Ca title=\u0022EL INICIO DE LA LIDIA\u0022\u003EEL INICIO DE LA LIDIA\u003C\/a\u003E\n                \u003C\/h3\u003E\n                \u003Cdiv class=\u0022py-1\u0022\u003Ejavier garc\u00eda hoyos\u003C\/div\u003E\n                                    \u003Ch3 class=\u0022mt-3\u0022\u003ESeleccionados\u003C\/h3\u003E\n                                            \u003C\/div\u003E\n        \u003C\/div\u003E\n    \u003C\/div\u003E\n\n\n                                                    \n            \n                                                            \n                 \n    \n                        \n    \n    \n    \u003Cdiv class=\u0022col-lg-3 col-sm-6\u0022\u003E\n        \u003Cdiv class=\u0022shop__products__item hover__box\u0022 style=\u0022padding: 0 10px\u0022\u003E\n            \u003Cdiv class=\u0022shop__products__thumb hover__box__thumb flex align-items-center justify-content-center\u0022\u003E\n                                \u003Ca title=\u0022SILUETAS*\u0022 href=\u0022https:\/\/www.mundoarti.com\/media\/cache\/resolve\/watermark_filter\/foto-obra\/5bb37b9c606f5-APA2660.jpg\u0022 class=\u0022grid-item\u0022 rel=\u0022nofollow\u0022\u003E\n                                        \u003Cimg data-src=\u0022https:\/\/www.mundoarti.com\/media\/cache\/resolve\/watermark_filter\/foto-obra\/5bb37b9c606f5-APA2660.jpg\u0022\n                         alt=\u0022SILUETAS*\u0022 class=\u0022lazyload\u0022\u003E\n                    \u003C\/a\u003E\n                                                                    \n            \u003C\/div\u003E\n            \u003Cdiv class=\u0022shop__products__info\u0022\u003E\n                \u003Ch3\u003E\n                    \u003Ca title=\u0022SILUETAS*\u0022\u003ESILUETAS*\u003C\/a\u003E\n                \u003C\/h3\u003E\n                \u003Cdiv class=\u0022py-1\u0022\u003EFotograf\u00eda Anal\u00f3gica\u003C\/div\u003E\n                                    \u003Ch3 class=\u0022mt-3\u0022\u003ESeleccionados\u003C\/h3\u003E\n                                            \u003C\/div\u003E\n        \u003C\/div\u003E\n    \u003C\/div\u003E\n\n\n                                                    \n            \n                                                            \n                 \n    \n                        \n    \n    \n    \u003Cdiv class=\u0022col-lg-3 col-sm-6\u0022\u003E\n        \u003Cdiv class=\u0022shop__products__item hover__box\u0022 style=\u0022padding: 0 10px\u0022\u003E\n            \u003Cdiv class=\u0022shop__products__thumb hover__box__thumb flex align-items-center justify-content-center\u0022\u003E\n                                \u003Ca title=\u0022CONTRALUZ*\u0022 href=\u0022https:\/\/www.mundoarti.com\/media\/cache\/resolve\/watermark_filter\/foto-obra\/5bb37b431a89b-APA2660.jpg\u0022 class=\u0022grid-item\u0022 rel=\u0022nofollow\u0022\u003E\n                                        \u003Cimg data-src=\u0022https:\/\/www.mundoarti.com\/media\/cache\/resolve\/watermark_filter\/foto-obra\/5bb37b431a89b-APA2660.jpg\u0022\n                         alt=\u0022CONTRALUZ*\u0022 class=\u0022lazyload\u0022\u003E\n                    \u003C\/a\u003E\n                                                                    \n            \u003C\/div\u003E\n            \u003Cdiv class=\u0022shop__products__info\u0022\u003E\n                \u003Ch3\u003E\n                    \u003Ca title=\u0022CONTRALUZ*\u0022\u003ECONTRALUZ*\u003C\/a\u003E\n                \u003C\/h3\u003E\n                \u003Cdiv class=\u0022py-1\u0022\u003EFotograf\u00eda Anal\u00f3gica\u003C\/div\u003E\n                                    \u003Ch3 class=\u0022mt-3\u0022\u003ESeleccionados\u003C\/h3\u003E\n                                            \u003C\/div\u003E\n        \u003C\/div\u003E\n    \u003C\/div\u003E\n\n\n                                                    \n            \n                                                            \n                 \n    \n                        \n    \n    \n    \u003Cdiv class=\u0022col-lg-3 col-sm-6\u0022\u003E\n        \u003Cdiv class=\u0022shop__products__item hover__box\u0022 style=\u0022padding: 0 10px\u0022\u003E\n            \u003Cdiv class=\u0022shop__products__thumb hover__box__thumb flex align-items-center justify-content-center\u0022\u003E\n                                \u003Ca title=\u0022EMBOLADA DE ALTURA*\u0022 href=\u0022https:\/\/www.mundoarti.com\/media\/cache\/resolve\/watermark_filter\/foto-obra\/5bb37b5eead09-APA2660.jpg\u0022 class=\u0022grid-item\u0022 rel=\u0022nofollow\u0022\u003E\n                                        \u003Cimg data-src=\u0022https:\/\/www.mundoarti.com\/media\/cache\/resolve\/watermark_filter\/foto-obra\/5bb37b5eead09-APA2660.jpg\u0022\n                         alt=\u0022EMBOLADA DE ALTURA*\u0022 class=\u0022lazyload\u0022\u003E\n                    \u003C\/a\u003E\n                                                                    \n            \u003C\/div\u003E\n            \u003Cdiv class=\u0022shop__products__info\u0022\u003E\n                \u003Ch3\u003E\n                    \u003Ca title=\u0022EMBOLADA DE ALTURA*\u0022\u003EEMBOLADA DE ALTURA*\u003C\/a\u003E\n                \u003C\/h3\u003E\n                \u003Cdiv class=\u0022py-1\u0022\u003EFotograf\u00eda Anal\u00f3gica\u003C\/div\u003E\n                                    \u003Ch3 class=\u0022mt-3\u0022\u003ESeleccionados\u003C\/h3\u003E\n                                            \u003C\/div\u003E\n        \u003C\/div\u003E\n    \u003C\/div\u003E\n\n\n                                                    \n            \n                                                            \n                 \n    \n                        \n    \n    \n    \u003Cdiv class=\u0022col-lg-3 col-sm-6\u0022\u003E\n        \u003Cdiv class=\u0022shop__products__item hover__box\u0022 style=\u0022padding: 0 10px\u0022\u003E\n            \u003Cdiv class=\u0022shop__products__thumb hover__box__thumb flex align-items-center justify-content-center\u0022\u003E\n                                \u003Ca title=\u0022EL ESTOQUE*\u0022 href=\u0022https:\/\/www.mundoarti.com\/media\/cache\/resolve\/watermark_filter\/foto-obra\/5bb37b4f8f028-APA2660.jpg\u0022 class=\u0022grid-item\u0022 rel=\u0022nofollow\u0022\u003E\n                                        \u003Cimg data-src=\u0022https:\/\/www.mundoarti.com\/media\/cache\/resolve\/watermark_filter\/foto-obra\/5bb37b4f8f028-APA2660.jpg\u0022\n                         alt=\u0022EL ESTOQUE*\u0022 class=\u0022lazyload\u0022\u003E\n                    \u003C\/a\u003E\n                                                                    \n            \u003C\/div\u003E\n            \u003Cdiv class=\u0022shop__products__info\u0022\u003E\n                \u003Ch3\u003E\n                    \u003Ca title=\u0022EL ESTOQUE*\u0022\u003EEL ESTOQUE*\u003C\/a\u003E\n                \u003C\/h3\u003E\n                \u003Cdiv class=\u0022py-1\u0022\u003EFotograf\u00eda Anal\u00f3gica\u003C\/div\u003E\n                                    \u003Ch3 class=\u0022mt-3\u0022\u003ESeleccionados\u003C\/h3\u003E\n                                            \u003C\/div\u003E\n        \u003C\/div\u003E\n    \u003C\/div\u003E\n\n\n                                                    \n            \n                                                            \n                 \n    \n                        \n    \n    \n    \u003Cdiv class=\u0022col-lg-3 col-sm-6\u0022\u003E\n        \u003Cdiv class=\u0022shop__products__item hover__box\u0022 style=\u0022padding: 0 10px\u0022\u003E\n            \u003Cdiv class=\u0022shop__products__thumb hover__box__thumb flex align-items-center justify-content-center\u0022\u003E\n                                \u003Ca title=\u0022ENCIERRO (2)*\u0022 href=\u0022https:\/\/www.mundoarti.com\/media\/cache\/resolve\/watermark_filter\/foto-obra\/5bb37b7308e74-APA2660.jpg\u0022 class=\u0022grid-item\u0022 rel=\u0022nofollow\u0022\u003E\n                                        \u003Cimg data-src=\u0022https:\/\/www.mundoarti.com\/media\/cache\/resolve\/watermark_filter\/foto-obra\/5bb37b7308e74-APA2660.jpg\u0022\n                         alt=\u0022ENCIERRO (2)*\u0022 class=\u0022lazyload\u0022\u003E\n                    \u003C\/a\u003E\n                                                                    \n            \u003C\/div\u003E\n            \u003Cdiv class=\u0022shop__products__info\u0022\u003E\n                \u003Ch3\u003E\n                    \u003Ca title=\u0022ENCIERRO (2)*\u0022\u003EENCIERRO (2)*\u003C\/a\u003E\n                \u003C\/h3\u003E\n                \u003Cdiv class=\u0022py-1\u0022\u003EFotograf\u00eda Anal\u00f3gica\u003C\/div\u003E\n                                    \u003Ch3 class=\u0022mt-3\u0022\u003ESeleccionados\u003C\/h3\u003E\n                                            \u003C\/div\u003E\n        \u003C\/div\u003E\n    \u003C\/div\u003E\n\n\n                                                    \n            \n                                                            \n                 \n    \n                        \n    \n    \n    \u003Cdiv class=\u0022col-lg-3 col-sm-6\u0022\u003E\n        \u003Cdiv class=\u0022shop__products__item hover__box\u0022 style=\u0022padding: 0 10px\u0022\u003E\n            \u003Cdiv class=\u0022shop__products__thumb hover__box__thumb flex align-items-center justify-content-center\u0022\u003E\n                                \u003Ca title=\u0022LA CALLE DEL MIEDO*\u0022 href=\u0022https:\/\/www.mundoarti.com\/media\/cache\/resolve\/watermark_filter\/foto-obra\/5bb37b8d542e6-APA2660.jpg\u0022 class=\u0022grid-item\u0022 rel=\u0022nofollow\u0022\u003E\n                                        \u003Cimg data-src=\u0022https:\/\/www.mundoarti.com\/media\/cache\/resolve\/watermark_filter\/foto-obra\/5bb37b8d542e6-APA2660.jpg\u0022\n                         alt=\u0022LA CALLE DEL MIEDO*\u0022 class=\u0022lazyload\u0022\u003E\n                    \u003C\/a\u003E\n                                                                    \n            \u003C\/div\u003E\n            \u003Cdiv class=\u0022shop__products__info\u0022\u003E\n                \u003Ch3\u003E\n                    \u003Ca title=\u0022LA CALLE DEL MIEDO*\u0022\u003ELA CALLE DEL MIEDO*\u003C\/a\u003E\n                \u003C\/h3\u003E\n                \u003Cdiv class=\u0022py-1\u0022\u003EFotograf\u00eda Anal\u00f3gica\u003C\/div\u003E\n                                    \u003Ch3 class=\u0022mt-3\u0022\u003ESeleccionados\u003C\/h3\u003E\n                                            \u003C\/div\u003E\n        \u003C\/div\u003E\n    \u003C\/div\u003E\n\n\n                                                    \n            \n                                                            \n                 \n    \n                        \n    \n    \n    \u003Cdiv class=\u0022col-lg-3 col-sm-6\u0022\u003E\n        \u003Cdiv class=\u0022shop__products__item hover__box\u0022 style=\u0022padding: 0 10px\u0022\u003E\n            \u003Cdiv class=\u0022shop__products__thumb hover__box__thumb flex align-items-center justify-content-center\u0022\u003E\n                                \u003Ca title=\u0022MIURAS POR DELANTE\u0022 href=\u0022https:\/\/www.mundoarti.com\/media\/cache\/resolve\/watermark_filter\/foto-obra\/5baf2d9725e5d-ANL4814.jpg\u0022 class=\u0022grid-item\u0022 rel=\u0022nofollow\u0022\u003E\n                                        \u003Cimg data-src=\u0022https:\/\/www.mundoarti.com\/media\/cache\/resolve\/watermark_filter\/foto-obra\/5baf2d9725e5d-ANL4814.jpg\u0022\n                         alt=\u0022MIURAS POR DELANTE\u0022 class=\u0022lazyload\u0022\u003E\n                    \u003C\/a\u003E\n                                                                    \n            \u003C\/div\u003E\n            \u003Cdiv class=\u0022shop__products__info\u0022\u003E\n                \u003Ch3\u003E\n                    \u003Ca title=\u0022MIURAS POR DELANTE\u0022\u003EMIURAS POR DELANTE\u003C\/a\u003E\n                \u003C\/h3\u003E\n                \u003Cdiv class=\u0022py-1\u0022\u003ERub\u00e9n Albarr\u00e1n Beltr\u00e1n\u003C\/div\u003E\n                                    \u003Ch3 class=\u0022mt-3\u0022\u003ESeleccionados\u003C\/h3\u003E\n                                            \u003C\/div\u003E\n        \u003C\/div\u003E\n    \u003C\/div\u003E\n\n\n                                                    \n            \n                                                            \n                 \n    \n                        \n    \n    \n    \u003Cdiv class=\u0022col-lg-3 col-sm-6\u0022\u003E\n        \u003Cdiv class=\u0022shop__products__item hover__box\u0022 style=\u0022padding: 0 10px\u0022\u003E\n            \u003Cdiv class=\u0022shop__products__thumb hover__box__thumb flex align-items-center justify-content-center\u0022\u003E\n                                \u003Ca title=\u0022QUIETUD Y VALOR PARA SER FIGURA\u0022 href=\u0022https:\/\/www.mundoarti.com\/media\/cache\/resolve\/watermark_filter\/foto-obra\/5bafe78e5d2ed-AYA4389.jpg\u0022 class=\u0022grid-item\u0022 rel=\u0022nofollow\u0022\u003E\n                                        \u003Cimg data-src=\u0022https:\/\/www.mundoarti.com\/media\/cache\/resolve\/watermark_filter\/foto-obra\/5bafe78e5d2ed-AYA4389.jpg\u0022\n                         alt=\u0022QUIETUD Y VALOR PARA SER FIGURA\u0022 class=\u0022lazyload\u0022\u003E\n                    \u003C\/a\u003E\n                                                                    \n            \u003C\/div\u003E\n            \u003Cdiv class=\u0022shop__products__info\u0022\u003E\n                \u003Ch3\u003E\n                    \u003Ca title=\u0022QUIETUD Y VALOR PARA SER FIGURA\u0022\u003EQUIETUD Y VALOR PARA SER FIGURA\u003C\/a\u003E\n                \u003C\/h3\u003E\n                \u003Cdiv class=\u0022py-1\u0022\u003EAlberto Nu\u00f1ez Aroca\u003C\/div\u003E\n                                    \u003Ch3 class=\u0022mt-3\u0022\u003ESeleccionados\u003C\/h3\u003E\n                                            \u003C\/div\u003E\n        \u003C\/div\u003E\n    \u003C\/div\u003E\n\n\n                                                    \n            \n                                                            \n                 \n    \n                        \n    \n    \n    \u003Cdiv class=\u0022col-lg-3 col-sm-6\u0022\u003E\n        \u003Cdiv class=\u0022shop__products__item hover__box\u0022 style=\u0022padding: 0 10px\u0022\u003E\n            \u003Cdiv class=\u0022shop__products__thumb hover__box__thumb flex align-items-center justify-content-center\u0022\u003E\n                                \u003Ca title=\u0022ENCIERRO*\u0022 href=\u0022https:\/\/www.mundoarti.com\/media\/cache\/resolve\/watermark_filter\/foto-obra\/5bb37b7e6b538-APA2660.jpg\u0022 class=\u0022grid-item\u0022 rel=\u0022nofollow\u0022\u003E\n                                        \u003Cimg data-src=\u0022https:\/\/www.mundoarti.com\/media\/cache\/resolve\/watermark_filter\/foto-obra\/5bb37b7e6b538-APA2660.jpg\u0022\n                         alt=\u0022ENCIERRO*\u0022 class=\u0022lazyload\u0022\u003E\n                    \u003C\/a\u003E\n                                                                    \n            \u003C\/div\u003E\n            \u003Cdiv class=\u0022shop__products__info\u0022\u003E\n                \u003Ch3\u003E\n                    \u003Ca title=\u0022ENCIERRO*\u0022\u003EENCIERRO*\u003C\/a\u003E\n                \u003C\/h3\u003E\n                \u003Cdiv class=\u0022py-1\u0022\u003EFotograf\u00eda Anal\u00f3gica\u003C\/div\u003E\n                                    \u003Ch3 class=\u0022mt-3\u0022\u003ESeleccionados\u003C\/h3\u003E\n                                            \u003C\/div\u003E\n        \u003C\/div\u003E\n    \u003C\/div\u003E\n\n\n                                                    \n            \n                                                            \n                 \n    \n                        \n    \n    \n    \u003Cdiv class=\u0022col-lg-3 col-sm-6\u0022\u003E\n        \u003Cdiv class=\u0022shop__products__item hover__box\u0022 style=\u0022padding: 0 10px\u0022\u003E\n            \u003Cdiv class=\u0022shop__products__thumb hover__box__thumb flex align-items-center justify-content-center\u0022\u003E\n                                \u003Ca title=\u0022LUCHA DE HERMANOS\u0022 href=\u0022https:\/\/www.mundoarti.com\/media\/cache\/resolve\/watermark_filter\/foto-obra\/5baea75e37243-APY3715.jpg\u0022 class=\u0022grid-item\u0022 rel=\u0022nofollow\u0022\u003E\n                                        \u003Cimg data-src=\u0022https:\/\/www.mundoarti.com\/media\/cache\/resolve\/watermark_filter\/foto-obra\/5baea75e37243-APY3715.jpg\u0022\n                         alt=\u0022LUCHA DE HERMANOS\u0022 class=\u0022lazyload\u0022\u003E\n                    \u003C\/a\u003E\n                                                                    \n            \u003C\/div\u003E\n            \u003Cdiv class=\u0022shop__products__info\u0022\u003E\n                \u003Ch3\u003E\n                    \u003Ca title=\u0022LUCHA DE HERMANOS\u0022\u003ELUCHA DE HERMANOS\u003C\/a\u003E\n                \u003C\/h3\u003E\n                \u003Cdiv class=\u0022py-1\u0022\u003E\u00c1lvaro Mar\u00edn Silvestre\u003C\/div\u003E\n                                    \u003Ch3 class=\u0022mt-3\u0022\u003ESeleccionados\u003C\/h3\u003E\n                                            \u003C\/div\u003E\n        \u003C\/div\u003E\n    \u003C\/div\u003E\n\n\n                                                    \n            \n                                                            \n                 \n    \n                        \n    \n    \n    \u003Cdiv class=\u0022col-lg-3 col-sm-6\u0022\u003E\n        \u003Cdiv class=\u0022shop__products__item hover__box\u0022 style=\u0022padding: 0 10px\u0022\u003E\n            \u003Cdiv class=\u0022shop__products__thumb hover__box__thumb flex align-items-center justify-content-center\u0022\u003E\n                                \u003Ca title=\u0022ENTRE LA MUERTE Y LA ENCINA\u0022 href=\u0022https:\/\/www.mundoarti.com\/media\/cache\/resolve\/watermark_filter\/foto-obra\/5ba20b35b6ef4-AXC6417.jpg\u0022 class=\u0022grid-item\u0022 rel=\u0022nofollow\u0022\u003E\n                                        \u003Cimg data-src=\u0022https:\/\/www.mundoarti.com\/media\/cache\/resolve\/watermark_filter\/foto-obra\/5ba20b35b6ef4-AXC6417.jpg\u0022\n                         alt=\u0022ENTRE LA MUERTE Y LA ENCINA\u0022 class=\u0022lazyload\u0022\u003E\n                    \u003C\/a\u003E\n                                                                    \n            \u003C\/div\u003E\n            \u003Cdiv class=\u0022shop__products__info\u0022\u003E\n                \u003Ch3\u003E\n                    \u003Ca title=\u0022ENTRE LA MUERTE Y LA ENCINA\u0022\u003EENTRE LA MUERTE Y LA ENCINA\u003C\/a\u003E\n                \u003C\/h3\u003E\n                \u003Cdiv class=\u0022py-1\u0022\u003EPilar Amor\u00f3s Mart\u00ednez\u003C\/div\u003E\n                                    \u003Ch3 class=\u0022mt-3\u0022\u003ESeleccionados\u003C\/h3\u003E\n                                            \u003C\/div\u003E\n        \u003C\/div\u003E\n    \u003C\/div\u003E\n\n\n                                                    \n            \n                                                            \n                 \n    \n                        \n    \n    \n    \u003Cdiv class=\u0022col-lg-3 col-sm-6\u0022\u003E\n        \u003Cdiv class=\u0022shop__products__item hover__box\u0022 style=\u0022padding: 0 10px\u0022\u003E\n            \u003Cdiv class=\u0022shop__products__thumb hover__box__thumb flex align-items-center justify-content-center\u0022\u003E\n                                \u003Ca title=\u0022VALOR\u0022 href=\u0022https:\/\/www.mundoarti.com\/media\/cache\/resolve\/watermark_filter\/foto-obra\/5baea85c1888b-APY3715.jpg\u0022 class=\u0022grid-item\u0022 rel=\u0022nofollow\u0022\u003E\n                                        \u003Cimg data-src=\u0022https:\/\/www.mundoarti.com\/media\/cache\/resolve\/watermark_filter\/foto-obra\/5baea85c1888b-APY3715.jpg\u0022\n                         alt=\u0022VALOR\u0022 class=\u0022lazyload\u0022\u003E\n                    \u003C\/a\u003E\n                                                                    \n            \u003C\/div\u003E\n            \u003Cdiv class=\u0022shop__products__info\u0022\u003E\n                \u003Ch3\u003E\n                    \u003Ca title=\u0022VALOR\u0022\u003EVALOR\u003C\/a\u003E\n                \u003C\/h3\u003E\n                \u003Cdiv class=\u0022py-1\u0022\u003E\u00c1lvaro Mar\u00edn Silvestre\u003C\/div\u003E\n                                    \u003Ch3 class=\u0022mt-3\u0022\u003ESeleccionados\u003C\/h3\u003E\n                                            \u003C\/div\u003E\n        \u003C\/div\u003E\n    \u003C\/div\u003E\n\n\n                                                    \n            \n                                                            \n                 \n    \n                        \n    \n    \n    \u003Cdiv class=\u0022col-lg-3 col-sm-6\u0022\u003E\n        \u003Cdiv class=\u0022shop__products__item hover__box\u0022 style=\u0022padding: 0 10px\u0022\u003E\n            \u003Cdiv class=\u0022shop__products__thumb hover__box__thumb flex align-items-center justify-content-center\u0022\u003E\n                                \u003Ca title=\u0022LA CANICA ALBINA EN SEGORBE \u0022 href=\u0022https:\/\/www.mundoarti.com\/media\/cache\/resolve\/watermark_filter\/foto-obra\/5baa6854b2b6c-ABB6140.jpg\u0022 class=\u0022grid-item\u0022 rel=\u0022nofollow\u0022\u003E\n                                        \u003Cimg data-src=\u0022https:\/\/www.mundoarti.com\/media\/cache\/resolve\/watermark_filter\/foto-obra\/5baa6854b2b6c-ABB6140.jpg\u0022\n                         alt=\u0022LA CANICA ALBINA EN SEGORBE \u0022 class=\u0022lazyload\u0022\u003E\n                    \u003C\/a\u003E\n                                                                    \n            \u003C\/div\u003E\n            \u003Cdiv class=\u0022shop__products__info\u0022\u003E\n                \u003Ch3\u003E\n                    \u003Ca title=\u0022LA CANICA ALBINA EN SEGORBE \u0022\u003ELA CANICA ALBINA EN SEGORBE \u003C\/a\u003E\n                \u003C\/h3\u003E\n                \u003Cdiv class=\u0022py-1\u0022\u003EJonhatan L\u00f3pez\u003C\/div\u003E\n                                    \u003Ch3 class=\u0022mt-3\u0022\u003ESeleccionados\u003C\/h3\u003E\n                                            \u003C\/div\u003E\n        \u003C\/div\u003E\n    \u003C\/div\u003E\n\n\n                                                    \n            \n                                                            \n                 \n    \n                        \n    \n    \n    \u003Cdiv class=\u0022col-lg-3 col-sm-6\u0022\u003E\n        \u003Cdiv class=\u0022shop__products__item hover__box\u0022 style=\u0022padding: 0 10px\u0022\u003E\n            \u003Cdiv class=\u0022shop__products__thumb hover__box__thumb flex align-items-center justify-content-center\u0022\u003E\n                                \u003Ca title=\u0022CARA A CARA\u0022 href=\u0022https:\/\/www.mundoarti.com\/media\/cache\/resolve\/watermark_filter\/foto-obra\/5ba20d05e9f90-AXC6417.jpg\u0022 class=\u0022grid-item\u0022 rel=\u0022nofollow\u0022\u003E\n                                        \u003Cimg data-src=\u0022https:\/\/www.mundoarti.com\/media\/cache\/resolve\/watermark_filter\/foto-obra\/5ba20d05e9f90-AXC6417.jpg\u0022\n                         alt=\u0022CARA A CARA\u0022 class=\u0022lazyload\u0022\u003E\n                    \u003C\/a\u003E\n                                                                    \n            \u003C\/div\u003E\n            \u003Cdiv class=\u0022shop__products__info\u0022\u003E\n                \u003Ch3\u003E\n                    \u003Ca title=\u0022CARA A CARA\u0022\u003ECARA A CARA\u003C\/a\u003E\n                \u003C\/h3\u003E\n                \u003Cdiv class=\u0022py-1\u0022\u003EPilar Amor\u00f3s Mart\u00ednez\u003C\/div\u003E\n                                    \u003Ch3 class=\u0022mt-3\u0022\u003ESeleccionados\u003C\/h3\u003E\n                                            \u003C\/div\u003E\n        \u003C\/div\u003E\n    \u003C\/div\u003E\n\n\n                                                    \n            \n                                                            \n                 \n    \n                        \n    \n    \n    \u003Cdiv class=\u0022col-lg-3 col-sm-6\u0022\u003E\n        \u003Cdiv class=\u0022shop__products__item hover__box\u0022 style=\u0022padding: 0 10px\u0022\u003E\n            \u003Cdiv class=\u0022shop__products__thumb hover__box__thumb flex align-items-center justify-content-center\u0022\u003E\n                                \u003Ca title=\u0022LA CANICA ALBINA EN SEGORBE\u0022 href=\u0022https:\/\/www.mundoarti.com\/media\/cache\/resolve\/watermark_filter\/foto-obra\/5baa6a8b8cfe2-ABB6140.jpg\u0022 class=\u0022grid-item\u0022 rel=\u0022nofollow\u0022\u003E\n                                        \u003Cimg data-src=\u0022https:\/\/www.mundoarti.com\/media\/cache\/resolve\/watermark_filter\/foto-obra\/5baa6a8b8cfe2-ABB6140.jpg\u0022\n                         alt=\u0022LA CANICA ALBINA EN SEGORBE\u0022 class=\u0022lazyload\u0022\u003E\n                    \u003C\/a\u003E\n                                                                    \n            \u003C\/div\u003E\n            \u003Cdiv class=\u0022shop__products__info\u0022\u003E\n                \u003Ch3\u003E\n                    \u003Ca title=\u0022LA CANICA ALBINA EN SEGORBE\u0022\u003ELA CANICA ALBINA EN SEGORBE\u003C\/a\u003E\n                \u003C\/h3\u003E\n                \u003Cdiv class=\u0022py-1\u0022\u003EJonhatan L\u00f3pez\u003C\/div\u003E\n                                    \u003Ch3 class=\u0022mt-3\u0022\u003ESeleccionados\u003C\/h3\u003E\n                                            \u003C\/div\u003E\n        \u003C\/div\u003E\n    \u003C\/div\u003E\n\n\n                                                    \n            \n                                                            \n                 \n    \n                        \n    \n    \n    \u003Cdiv class=\u0022col-lg-3 col-sm-6\u0022\u003E\n        \u003Cdiv class=\u0022shop__products__item hover__box\u0022 style=\u0022padding: 0 10px\u0022\u003E\n            \u003Cdiv class=\u0022shop__products__thumb hover__box__thumb flex align-items-center justify-content-center\u0022\u003E\n                                \u003Ca title=\u0022LA BECERRADA*\u0022 href=\u0022https:\/\/www.mundoarti.com\/media\/cache\/resolve\/watermark_filter\/foto-obra\/5bb37b86a1794-APA2660.jpg\u0022 class=\u0022grid-item\u0022 rel=\u0022nofollow\u0022\u003E\n                                        \u003Cimg data-src=\u0022https:\/\/www.mundoarti.com\/media\/cache\/resolve\/watermark_filter\/foto-obra\/5bb37b86a1794-APA2660.jpg\u0022\n                         alt=\u0022LA BECERRADA*\u0022 class=\u0022lazyload\u0022\u003E\n                    \u003C\/a\u003E\n                                                                    \n            \u003C\/div\u003E\n            \u003Cdiv class=\u0022shop__products__info\u0022\u003E\n                \u003Ch3\u003E\n                    \u003Ca title=\u0022LA BECERRADA*\u0022\u003ELA BECERRADA*\u003C\/a\u003E\n                \u003C\/h3\u003E\n                \u003Cdiv class=\u0022py-1\u0022\u003EFotograf\u00eda Anal\u00f3gica\u003C\/div\u003E\n                                    \u003Ch3 class=\u0022mt-3\u0022\u003ESeleccionados\u003C\/h3\u003E\n                                            \u003C\/div\u003E\n        \u003C\/div\u003E\n    \u003C\/div\u003E\n\n\n                                                    \n            \n                                                            \n                 \n    \n                        \n    \n    \n    \u003Cdiv class=\u0022col-lg-3 col-sm-6\u0022\u003E\n        \u003Cdiv class=\u0022shop__products__item hover__box\u0022 style=\u0022padding: 0 10px\u0022\u003E\n            \u003Cdiv class=\u0022shop__products__thumb hover__box__thumb flex align-items-center justify-content-center\u0022\u003E\n                                \u003Ca title=\u0022EN LAS AGUAS*\u0022 href=\u0022https:\/\/www.mundoarti.com\/media\/cache\/resolve\/watermark_filter\/foto-obra\/5bb37b678e2b4-APA2660.jpg\u0022 class=\u0022grid-item\u0022 rel=\u0022nofollow\u0022\u003E\n                                        \u003Cimg data-src=\u0022https:\/\/www.mundoarti.com\/media\/cache\/resolve\/watermark_filter\/foto-obra\/5bb37b678e2b4-APA2660.jpg\u0022\n                         alt=\u0022EN LAS AGUAS*\u0022 class=\u0022lazyload\u0022\u003E\n                    \u003C\/a\u003E\n                                                                    \n            \u003C\/div\u003E\n            \u003Cdiv class=\u0022shop__products__info\u0022\u003E\n                \u003Ch3\u003E\n                    \u003Ca title=\u0022EN LAS AGUAS*\u0022\u003EEN LAS AGUAS*\u003C\/a\u003E\n                \u003C\/h3\u003E\n                \u003Cdiv class=\u0022py-1\u0022\u003EFotograf\u00eda Anal\u00f3gica\u003C\/div\u003E\n                                    \u003Ch3 class=\u0022mt-3\u0022\u003ESeleccionados\u003C\/h3\u003E\n                                            \u003C\/div\u003E\n        \u003C\/div\u003E\n    \u003C\/div\u003E\n\n\n                                                    \n            \n                                                            \n                 \n    \n                        \n    \n    \n    \u003Cdiv class=\u0022col-lg-3 col-sm-6\u0022\u003E\n        \u003Cdiv class=\u0022shop__products__item hover__box\u0022 style=\u0022padding: 0 10px\u0022\u003E\n            \u003Cdiv class=\u0022shop__products__thumb hover__box__thumb flex align-items-center justify-content-center\u0022\u003E\n                                \u003Ca title=\u0022VA TORO! DESAFIANDO MI OBJETIVO\u0022 href=\u0022https:\/\/www.mundoarti.com\/media\/cache\/resolve\/watermark_filter\/foto-obra\/5baeb0e6801bb-AYA4389.jpg\u0022 class=\u0022grid-item\u0022 rel=\u0022nofollow\u0022\u003E\n                                        \u003Cimg data-src=\u0022https:\/\/www.mundoarti.com\/media\/cache\/resolve\/watermark_filter\/foto-obra\/5baeb0e6801bb-AYA4389.jpg\u0022\n                         alt=\u0022VA TORO! DESAFIANDO MI OBJETIVO\u0022 class=\u0022lazyload\u0022\u003E\n                    \u003C\/a\u003E\n                                                                    \n            \u003C\/div\u003E\n            \u003Cdiv class=\u0022shop__products__info\u0022\u003E\n                \u003Ch3\u003E\n                    \u003Ca title=\u0022VA TORO! DESAFIANDO MI OBJETIVO\u0022\u003EVA TORO! DESAFIANDO MI OBJETIVO\u003C\/a\u003E\n                \u003C\/h3\u003E\n                \u003Cdiv class=\u0022py-1\u0022\u003EAlberto Nu\u00f1ez Aroca\u003C\/div\u003E\n                                    \u003Ch3 class=\u0022mt-3\u0022\u003ESeleccionados\u003C\/h3\u003E\n                                            \u003C\/div\u003E\n        \u003C\/div\u003E\n    \u003C\/div\u003E\n\n\n                                            \u003C\/div\u003E\n                            \u003C\/div\u003E\n        \u003C\/div\u003E\n        \n    \u003Cscript src=\u0022\/assets\/frontend\/js\/plugins\/lightgallery.min.js\u0022 type=\u0022text\/javascript\u0022\u003E\u003C\/script\u003E\n    \u003Cscript src=\u0022\/assets\/frontend\/js\/plugins\/lightgalleryVimeoPlugin.min.js\u0022\n            type=\u0022text\/javascript\u0022\u003E\u003C\/script\u003E\n    \u003Cscript type=\u0022text\/javascript\u0022\u003E\n        $(\u0022.light_gallery\u0022).lightGallery({\n            selector: \u0027.grid-item\u0027\n        });\n    \u003C\/script\u003E\n"