"\n    \u003Clink media=\u0022all\u0022 rel=\u0022stylesheet\u0022 href=\u0022\/assets\/frontend\/css\/lightgallery.css\u0022\u003E\n    \u003Cmeta property=\u0022og:title\u0022 content=\u0022Ganadores del concurso CONCURSO NACIONAL DE FOTOGRAF\u00cdA \u201cL\u2019ART DE LA LLUM\u201d 2018\u0022\/\u003E\n    \u003Cmeta property=\u0022og:description\u0022 content=\u0022Resultados del concurso CONCURSO NACIONAL DE FOTOGRAF\u00cdA \u201cL\u2019ART DE LA LLUM\u201d 2018\u0022\/\u003E\n    \u003Cmeta property=\u0022og:type\u0022 content=\u0022article\u0022\/\u003E\n    \u003Cmeta property=\u0022og:url\u0022\n          content=\u0022http:\/\/mundoarti.com\/concursos\/resultados\/CWK3240\/66\/96\/\u0022\/\u003E\n\n                                                \u003Cmeta property=\u0022og:image\u0022\n                      content=\u0022http:\/\/mundoarti.com\/uploads\/foto-obra\/5ace40e598493-AKN7422.jpg\u0022\/\u003E\n                \u003Cmeta property=\u0022og:image:alt\u0022 content=\u0022\u0022\/\u003E\n                        \n\n\n\n\n    \n    \n        \u003Cdiv class=\u0022container mt-5\u0022\u003E\n            \u003Ch2 class=\u0022title align-center title-border-bottom\u0022\u003E\n                Ganadores\n            \u003C\/h2\u003E\n            \u003Cdiv class=\u0022light_gallery\u0022\u003E\n                                    \u003Cdiv class=\u0022col-12 flex flex-wrap justify-content-start\u0022\u003E\n                                                    \n            \n                                                            \n                 \n    \n                        \n    \n    \n    \u003Cdiv class=\u0022col-lg-3 col-sm-6\u0022\u003E\n        \u003Cdiv class=\u0022shop__products__item hover__box\u0022 style=\u0022padding: 0 10px\u0022\u003E\n            \u003Cdiv class=\u0022shop__products__thumb hover__box__thumb flex align-items-center justify-content-center\u0022\u003E\n                                \u003Ca title=\u0022EL ESPEJO DEL ALMA\u0022 href=\u0022https:\/\/www.mundoarti.com\/media\/cache\/resolve\/watermark_filter\/foto-obra\/5ace40e598493-AKN7422.jpg\u0022 class=\u0022grid-item\u0022 rel=\u0022nofollow\u0022\u003E\n                                        \u003Cimg data-src=\u0022https:\/\/www.mundoarti.com\/media\/cache\/resolve\/watermark_filter\/foto-obra\/5ace40e598493-AKN7422.jpg\u0022\n                         alt=\u0022EL ESPEJO DEL ALMA\u0022 class=\u0022lazyload\u0022\u003E\n                    \u003C\/a\u003E\n                                                                    \n            \u003C\/div\u003E\n            \u003Cdiv class=\u0022shop__products__info\u0022\u003E\n                \u003Ch3\u003E\n                    \u003Ca title=\u0022EL ESPEJO DEL ALMA\u0022\u003EEL ESPEJO DEL ALMA\u003C\/a\u003E\n                \u003C\/h3\u003E\n                \u003Cdiv class=\u0022py-1\u0022\u003EAntonio Ismael Redondo Garc\u00eda\u003C\/div\u003E\n                                    \u003Ch3 class=\u0022mt-3\u0022\u003E1\u00ba premio: Medalla Plateada FLF\u003C\/h3\u003E\n                                                    \u003Cspan class=\u0022shop__products__price\u0022\u003E300 \u20ac\u003C\/span\u003E\n                            \u003C\/div\u003E\n        \u003C\/div\u003E\n    \u003C\/div\u003E\n\n\n                                                    \n            \n                                                            \n                 \n    \n                        \n    \n    \n    \u003Cdiv class=\u0022col-lg-3 col-sm-6\u0022\u003E\n        \u003Cdiv class=\u0022shop__products__item hover__box\u0022 style=\u0022padding: 0 10px\u0022\u003E\n            \u003Cdiv class=\u0022shop__products__thumb hover__box__thumb flex align-items-center justify-content-center\u0022\u003E\n                                \u003Ca title=\u0022LONELY COFFEE\u0022 href=\u0022https:\/\/www.mundoarti.com\/media\/cache\/resolve\/watermark_filter\/foto-obra\/5a8db7d97021f-ACC8696.jpg\u0022 class=\u0022grid-item\u0022 rel=\u0022nofollow\u0022\u003E\n                                        \u003Cimg data-src=\u0022https:\/\/www.mundoarti.com\/media\/cache\/resolve\/watermark_filter\/foto-obra\/5a8db7d97021f-ACC8696.jpg\u0022\n                         alt=\u0022LONELY COFFEE\u0022 class=\u0022lazyload\u0022\u003E\n                    \u003C\/a\u003E\n                                                                    \n            \u003C\/div\u003E\n            \u003Cdiv class=\u0022shop__products__info\u0022\u003E\n                \u003Ch3\u003E\n                    \u003Ca title=\u0022LONELY COFFEE\u0022\u003ELONELY COFFEE\u003C\/a\u003E\n                \u003C\/h3\u003E\n                \u003Cdiv class=\u0022py-1\u0022\u003EManu Barreiro Rodriguez\u003C\/div\u003E\n                                    \u003Ch3 class=\u0022mt-3\u0022\u003E2\u00ba premio: Menci\u00f3n de Honor FLF\u003C\/h3\u003E\n                                                    \u003Cspan class=\u0022shop__products__price\u0022\u003E200 \u20ac\u003C\/span\u003E\n                            \u003C\/div\u003E\n        \u003C\/div\u003E\n    \u003C\/div\u003E\n\n\n                                                    \n            \n                                                            \n                 \n    \n                        \n    \n    \n    \u003Cdiv class=\u0022col-lg-3 col-sm-6\u0022\u003E\n        \u003Cdiv class=\u0022shop__products__item hover__box\u0022 style=\u0022padding: 0 10px\u0022\u003E\n            \u003Cdiv class=\u0022shop__products__thumb hover__box__thumb flex align-items-center justify-content-center\u0022\u003E\n                                \u003Ca title=\u0022ASCENSO AL INFIERNO\u0022 href=\u0022https:\/\/www.mundoarti.com\/media\/cache\/resolve\/watermark_filter\/foto-obra\/5abf5b57307c3-AGA7395.jpg\u0022 class=\u0022grid-item\u0022 rel=\u0022nofollow\u0022\u003E\n                                        \u003Cimg data-src=\u0022https:\/\/www.mundoarti.com\/media\/cache\/resolve\/watermark_filter\/foto-obra\/5abf5b57307c3-AGA7395.jpg\u0022\n                         alt=\u0022ASCENSO AL INFIERNO\u0022 class=\u0022lazyload\u0022\u003E\n                    \u003C\/a\u003E\n                                                                    \n            \u003C\/div\u003E\n            \u003Cdiv class=\u0022shop__products__info\u0022\u003E\n                \u003Ch3\u003E\n                    \u003Ca title=\u0022ASCENSO AL INFIERNO\u0022\u003EASCENSO AL INFIERNO\u003C\/a\u003E\n                \u003C\/h3\u003E\n                \u003Cdiv class=\u0022py-1\u0022\u003EJos\u00e9 Beut Duato\u003C\/div\u003E\n                                    \u003Ch3 class=\u0022mt-3\u0022\u003E3\u00ba premio: Menci\u00f3n de Honor FLF\u003C\/h3\u003E\n                                                    \u003Cspan class=\u0022shop__products__price\u0022\u003E100 \u20ac\u003C\/span\u003E\n                            \u003C\/div\u003E\n        \u003C\/div\u003E\n    \u003C\/div\u003E\n\n\n                                                    \n            \n                                                            \n                 \n    \n                        \n    \n    \n    \u003Cdiv class=\u0022col-lg-3 col-sm-6\u0022\u003E\n        \u003Cdiv class=\u0022shop__products__item hover__box\u0022 style=\u0022padding: 0 10px\u0022\u003E\n            \u003Cdiv class=\u0022shop__products__thumb hover__box__thumb flex align-items-center justify-content-center\u0022\u003E\n                                \u003Ca title=\u0022TESTIGOS DEL PASADO\u0022 href=\u0022https:\/\/www.mundoarti.com\/media\/cache\/resolve\/watermark_filter\/foto-obra\/5ad4d2d6985c8-ABA0071.jpg\u0022 class=\u0022grid-item\u0022 rel=\u0022nofollow\u0022\u003E\n                                        \u003Cimg data-src=\u0022https:\/\/www.mundoarti.com\/media\/cache\/resolve\/watermark_filter\/foto-obra\/5ad4d2d6985c8-ABA0071.jpg\u0022\n                         alt=\u0022TESTIGOS DEL PASADO\u0022 class=\u0022lazyload\u0022\u003E\n                    \u003C\/a\u003E\n                                                                    \n            \u003C\/div\u003E\n            \u003Cdiv class=\u0022shop__products__info\u0022\u003E\n                \u003Ch3\u003E\n                    \u003Ca title=\u0022TESTIGOS DEL PASADO\u0022\u003ETESTIGOS DEL PASADO\u003C\/a\u003E\n                \u003C\/h3\u003E\n                \u003Cdiv class=\u0022py-1\u0022\u003EAntonio Atanasio Rinc\u00f3n\u003C\/div\u003E\n                                    \u003Ch3 class=\u0022mt-3\u0022\u003ESeleccionados\u003C\/h3\u003E\n                                            \u003C\/div\u003E\n        \u003C\/div\u003E\n    \u003C\/div\u003E\n\n\n                                                    \n            \n                                                            \n                 \n    \n                        \n    \n    \n    \u003Cdiv class=\u0022col-lg-3 col-sm-6\u0022\u003E\n        \u003Cdiv class=\u0022shop__products__item hover__box\u0022 style=\u0022padding: 0 10px\u0022\u003E\n            \u003Cdiv class=\u0022shop__products__thumb hover__box__thumb flex align-items-center justify-content-center\u0022\u003E\n                                \u003Ca title=\u0022ESCALERA\u0022 href=\u0022https:\/\/www.mundoarti.com\/media\/cache\/resolve\/watermark_filter\/foto-obra\/5a91dbed88b2f-APC0129.jpg\u0022 class=\u0022grid-item\u0022 rel=\u0022nofollow\u0022\u003E\n                                        \u003Cimg data-src=\u0022https:\/\/www.mundoarti.com\/media\/cache\/resolve\/watermark_filter\/foto-obra\/5a91dbed88b2f-APC0129.jpg\u0022\n                         alt=\u0022ESCALERA\u0022 class=\u0022lazyload\u0022\u003E\n                    \u003C\/a\u003E\n                                                                    \n            \u003C\/div\u003E\n            \u003Cdiv class=\u0022shop__products__info\u0022\u003E\n                \u003Ch3\u003E\n                    \u003Ca title=\u0022ESCALERA\u0022\u003EESCALERA\u003C\/a\u003E\n                \u003C\/h3\u003E\n                \u003Cdiv class=\u0022py-1\u0022\u003EJose Miguel Romero Barco\u003C\/div\u003E\n                                    \u003Ch3 class=\u0022mt-3\u0022\u003ESeleccionados\u003C\/h3\u003E\n                                            \u003C\/div\u003E\n        \u003C\/div\u003E\n    \u003C\/div\u003E\n\n\n                                                    \n            \n                                                            \n                 \n    \n                        \n    \n    \n    \u003Cdiv class=\u0022col-lg-3 col-sm-6\u0022\u003E\n        \u003Cdiv class=\u0022shop__products__item hover__box\u0022 style=\u0022padding: 0 10px\u0022\u003E\n            \u003Cdiv class=\u0022shop__products__thumb hover__box__thumb flex align-items-center justify-content-center\u0022\u003E\n                                \u003Ca title=\u0022AMOR ORIENTAL\u0022 href=\u0022https:\/\/www.mundoarti.com\/media\/cache\/resolve\/watermark_filter\/foto-obra\/5ad5f084e2356-ASA1219.jpg\u0022 class=\u0022grid-item\u0022 rel=\u0022nofollow\u0022\u003E\n                                        \u003Cimg data-src=\u0022https:\/\/www.mundoarti.com\/media\/cache\/resolve\/watermark_filter\/foto-obra\/5ad5f084e2356-ASA1219.jpg\u0022\n                         alt=\u0022AMOR ORIENTAL\u0022 class=\u0022lazyload\u0022\u003E\n                    \u003C\/a\u003E\n                                                                    \n            \u003C\/div\u003E\n            \u003Cdiv class=\u0022shop__products__info\u0022\u003E\n                \u003Ch3\u003E\n                    \u003Ca title=\u0022AMOR ORIENTAL\u0022\u003EAMOR ORIENTAL\u003C\/a\u003E\n                \u003C\/h3\u003E\n                \u003Cdiv class=\u0022py-1\u0022\u003EJulio L\u00f3pez Morata\u003C\/div\u003E\n                                    \u003Ch3 class=\u0022mt-3\u0022\u003ESeleccionados\u003C\/h3\u003E\n                                            \u003C\/div\u003E\n        \u003C\/div\u003E\n    \u003C\/div\u003E\n\n\n                                                    \n            \n                                                            \n                 \n    \n                        \n    \n    \n    \u003Cdiv class=\u0022col-lg-3 col-sm-6\u0022\u003E\n        \u003Cdiv class=\u0022shop__products__item hover__box\u0022 style=\u0022padding: 0 10px\u0022\u003E\n            \u003Cdiv class=\u0022shop__products__thumb hover__box__thumb flex align-items-center justify-content-center\u0022\u003E\n                                \u003Ca title=\u0022DE OTROS TIEMPOS\u0022 href=\u0022https:\/\/www.mundoarti.com\/media\/cache\/resolve\/watermark_filter\/foto-obra\/5ad46153f1670-AEL5972.jpg\u0022 class=\u0022grid-item\u0022 rel=\u0022nofollow\u0022\u003E\n                                        \u003Cimg data-src=\u0022https:\/\/www.mundoarti.com\/media\/cache\/resolve\/watermark_filter\/foto-obra\/5ad46153f1670-AEL5972.jpg\u0022\n                         alt=\u0022DE OTROS TIEMPOS\u0022 class=\u0022lazyload\u0022\u003E\n                    \u003C\/a\u003E\n                                                                    \n            \u003C\/div\u003E\n            \u003Cdiv class=\u0022shop__products__info\u0022\u003E\n                \u003Ch3\u003E\n                    \u003Ca title=\u0022DE OTROS TIEMPOS\u0022\u003EDE OTROS TIEMPOS\u003C\/a\u003E\n                \u003C\/h3\u003E\n                \u003Cdiv class=\u0022py-1\u0022\u003EDiego Pedra Benzal\u003C\/div\u003E\n                                    \u003Ch3 class=\u0022mt-3\u0022\u003ESeleccionados\u003C\/h3\u003E\n                                            \u003C\/div\u003E\n        \u003C\/div\u003E\n    \u003C\/div\u003E\n\n\n                                                    \n            \n                                                            \n                 \n    \n                        \n    \n    \n    \u003Cdiv class=\u0022col-lg-3 col-sm-6\u0022\u003E\n        \u003Cdiv class=\u0022shop__products__item hover__box\u0022 style=\u0022padding: 0 10px\u0022\u003E\n            \u003Cdiv class=\u0022shop__products__thumb hover__box__thumb flex align-items-center justify-content-center\u0022\u003E\n                                \u003Ca title=\u0022EL HOMBRE Y EL AVE 1\u0022 href=\u0022https:\/\/www.mundoarti.com\/media\/cache\/resolve\/watermark_filter\/foto-obra\/5acde4925bf75-ASK3573.jpg\u0022 class=\u0022grid-item\u0022 rel=\u0022nofollow\u0022\u003E\n                                        \u003Cimg data-src=\u0022https:\/\/www.mundoarti.com\/media\/cache\/resolve\/watermark_filter\/foto-obra\/5acde4925bf75-ASK3573.jpg\u0022\n                         alt=\u0022EL HOMBRE Y EL AVE 1\u0022 class=\u0022lazyload\u0022\u003E\n                    \u003C\/a\u003E\n                                                                    \n            \u003C\/div\u003E\n            \u003Cdiv class=\u0022shop__products__info\u0022\u003E\n                \u003Ch3\u003E\n                    \u003Ca title=\u0022EL HOMBRE Y EL AVE 1\u0022\u003EEL HOMBRE Y EL AVE 1\u003C\/a\u003E\n                \u003C\/h3\u003E\n                \u003Cdiv class=\u0022py-1\u0022\u003ELuis Mar\u00eda Barrio\u003C\/div\u003E\n                                    \u003Ch3 class=\u0022mt-3\u0022\u003ESeleccionados\u003C\/h3\u003E\n                                            \u003C\/div\u003E\n        \u003C\/div\u003E\n    \u003C\/div\u003E\n\n\n                                                    \n            \n                                                            \n                 \n    \n                        \n    \n    \n    \u003Cdiv class=\u0022col-lg-3 col-sm-6\u0022\u003E\n        \u003Cdiv class=\u0022shop__products__item hover__box\u0022 style=\u0022padding: 0 10px\u0022\u003E\n            \u003Cdiv class=\u0022shop__products__thumb hover__box__thumb flex align-items-center justify-content-center\u0022\u003E\n                                \u003Ca title=\u0022BOTAS\u0022 href=\u0022https:\/\/www.mundoarti.com\/media\/cache\/resolve\/watermark_filter\/foto-obra\/5ab7933d928b0-ADD0226.jpg\u0022 class=\u0022grid-item\u0022 rel=\u0022nofollow\u0022\u003E\n                                        \u003Cimg data-src=\u0022https:\/\/www.mundoarti.com\/media\/cache\/resolve\/watermark_filter\/foto-obra\/5ab7933d928b0-ADD0226.jpg\u0022\n                         alt=\u0022BOTAS\u0022 class=\u0022lazyload\u0022\u003E\n                    \u003C\/a\u003E\n                                                                    \n            \u003C\/div\u003E\n            \u003Cdiv class=\u0022shop__products__info\u0022\u003E\n                \u003Ch3\u003E\n                    \u003Ca title=\u0022BOTAS\u0022\u003EBOTAS\u003C\/a\u003E\n                \u003C\/h3\u003E\n                \u003Cdiv class=\u0022py-1\u0022\u003EFernando M\u00e9ndez Ramos\u003C\/div\u003E\n                                    \u003Ch3 class=\u0022mt-3\u0022\u003ESeleccionados\u003C\/h3\u003E\n                                            \u003C\/div\u003E\n        \u003C\/div\u003E\n    \u003C\/div\u003E\n\n\n                                                    \n            \n                                                            \n                 \n    \n                        \n    \n    \n    \u003Cdiv class=\u0022col-lg-3 col-sm-6\u0022\u003E\n        \u003Cdiv class=\u0022shop__products__item hover__box\u0022 style=\u0022padding: 0 10px\u0022\u003E\n            \u003Cdiv class=\u0022shop__products__thumb hover__box__thumb flex align-items-center justify-content-center\u0022\u003E\n                                \u003Ca title=\u0022SILUETAS\u0022 href=\u0022https:\/\/www.mundoarti.com\/media\/cache\/resolve\/watermark_filter\/foto-obra\/5ad763468070e-ARP1712.jpg\u0022 class=\u0022grid-item\u0022 rel=\u0022nofollow\u0022\u003E\n                                        \u003Cimg data-src=\u0022https:\/\/www.mundoarti.com\/media\/cache\/resolve\/watermark_filter\/foto-obra\/5ad763468070e-ARP1712.jpg\u0022\n                         alt=\u0022SILUETAS\u0022 class=\u0022lazyload\u0022\u003E\n                    \u003C\/a\u003E\n                                                                    \n            \u003C\/div\u003E\n            \u003Cdiv class=\u0022shop__products__info\u0022\u003E\n                \u003Ch3\u003E\n                    \u003Ca title=\u0022SILUETAS\u0022\u003ESILUETAS\u003C\/a\u003E\n                \u003C\/h3\u003E\n                \u003Cdiv class=\u0022py-1\u0022\u003EJuan Miguel Cervera Merlo\u003C\/div\u003E\n                                    \u003Ch3 class=\u0022mt-3\u0022\u003ESeleccionados\u003C\/h3\u003E\n                                            \u003C\/div\u003E\n        \u003C\/div\u003E\n    \u003C\/div\u003E\n\n\n                                                    \n            \n                                                            \n                 \n    \n                        \n    \n    \n    \u003Cdiv class=\u0022col-lg-3 col-sm-6\u0022\u003E\n        \u003Cdiv class=\u0022shop__products__item hover__box\u0022 style=\u0022padding: 0 10px\u0022\u003E\n            \u003Cdiv class=\u0022shop__products__thumb hover__box__thumb flex align-items-center justify-content-center\u0022\u003E\n                                \u003Ca title=\u0022REZO NOCTURNO\u0022 href=\u0022https:\/\/www.mundoarti.com\/media\/cache\/resolve\/watermark_filter\/foto-obra\/5abf5c56e2c41-AGA7395.jpg\u0022 class=\u0022grid-item\u0022 rel=\u0022nofollow\u0022\u003E\n                                        \u003Cimg data-src=\u0022https:\/\/www.mundoarti.com\/media\/cache\/resolve\/watermark_filter\/foto-obra\/5abf5c56e2c41-AGA7395.jpg\u0022\n                         alt=\u0022REZO NOCTURNO\u0022 class=\u0022lazyload\u0022\u003E\n                    \u003C\/a\u003E\n                                                                    \n            \u003C\/div\u003E\n            \u003Cdiv class=\u0022shop__products__info\u0022\u003E\n                \u003Ch3\u003E\n                    \u003Ca title=\u0022REZO NOCTURNO\u0022\u003EREZO NOCTURNO\u003C\/a\u003E\n                \u003C\/h3\u003E\n                \u003Cdiv class=\u0022py-1\u0022\u003EJose Beut Duato\u003C\/div\u003E\n                                    \u003Ch3 class=\u0022mt-3\u0022\u003ESeleccionados\u003C\/h3\u003E\n                                            \u003C\/div\u003E\n        \u003C\/div\u003E\n    \u003C\/div\u003E\n\n\n                                                    \n            \n                                                            \n                 \n    \n                        \n    \n    \n    \u003Cdiv class=\u0022col-lg-3 col-sm-6\u0022\u003E\n        \u003Cdiv class=\u0022shop__products__item hover__box\u0022 style=\u0022padding: 0 10px\u0022\u003E\n            \u003Cdiv class=\u0022shop__products__thumb hover__box__thumb flex align-items-center justify-content-center\u0022\u003E\n                                \u003Ca title=\u0022ASILIDO\u0022 href=\u0022https:\/\/www.mundoarti.com\/media\/cache\/resolve\/watermark_filter\/foto-obra\/5ad884a8c28d6-AXK4813.jpg\u0022 class=\u0022grid-item\u0022 rel=\u0022nofollow\u0022\u003E\n                                        \u003Cimg data-src=\u0022https:\/\/www.mundoarti.com\/media\/cache\/resolve\/watermark_filter\/foto-obra\/5ad884a8c28d6-AXK4813.jpg\u0022\n                         alt=\u0022ASILIDO\u0022 class=\u0022lazyload\u0022\u003E\n                    \u003C\/a\u003E\n                                                                    \n            \u003C\/div\u003E\n            \u003Cdiv class=\u0022shop__products__info\u0022\u003E\n                \u003Ch3\u003E\n                    \u003Ca title=\u0022ASILIDO\u0022\u003EASILIDO\u003C\/a\u003E\n                \u003C\/h3\u003E\n                \u003Cdiv class=\u0022py-1\u0022\u003EMar\u00eda Jos\u00e9 Tarruella\u003C\/div\u003E\n                                    \u003Ch3 class=\u0022mt-3\u0022\u003ESeleccionados\u003C\/h3\u003E\n                                            \u003C\/div\u003E\n        \u003C\/div\u003E\n    \u003C\/div\u003E\n\n\n                                                    \n            \n                                                            \n                 \n    \n                        \n    \n    \n    \u003Cdiv class=\u0022col-lg-3 col-sm-6\u0022\u003E\n        \u003Cdiv class=\u0022shop__products__item hover__box\u0022 style=\u0022padding: 0 10px\u0022\u003E\n            \u003Cdiv class=\u0022shop__products__thumb hover__box__thumb flex align-items-center justify-content-center\u0022\u003E\n                                \u003Ca title=\u0022CALMA ABSOLUTAMENT TOTAL\u0022 href=\u0022https:\/\/www.mundoarti.com\/media\/cache\/resolve\/watermark_filter\/foto-obra\/5ad0817890b3a-AZQ5870.jpg\u0022 class=\u0022grid-item\u0022 rel=\u0022nofollow\u0022\u003E\n                                        \u003Cimg data-src=\u0022https:\/\/www.mundoarti.com\/media\/cache\/resolve\/watermark_filter\/foto-obra\/5ad0817890b3a-AZQ5870.jpg\u0022\n                         alt=\u0022CALMA ABSOLUTAMENT TOTAL\u0022 class=\u0022lazyload\u0022\u003E\n                    \u003C\/a\u003E\n                                                                    \n            \u003C\/div\u003E\n            \u003Cdiv class=\u0022shop__products__info\u0022\u003E\n                \u003Ch3\u003E\n                    \u003Ca title=\u0022CALMA ABSOLUTAMENT TOTAL\u0022\u003ECALMA ABSOLUTAMENT TOTAL\u003C\/a\u003E\n                \u003C\/h3\u003E\n                \u003Cdiv class=\u0022py-1\u0022\u003ECarlos Punyet Mir\u00f3\u003C\/div\u003E\n                                    \u003Ch3 class=\u0022mt-3\u0022\u003ESeleccionados\u003C\/h3\u003E\n                                            \u003C\/div\u003E\n        \u003C\/div\u003E\n    \u003C\/div\u003E\n\n\n                                                    \n            \n                                                            \n                 \n    \n                        \n    \n    \n    \u003Cdiv class=\u0022col-lg-3 col-sm-6\u0022\u003E\n        \u003Cdiv class=\u0022shop__products__item hover__box\u0022 style=\u0022padding: 0 10px\u0022\u003E\n            \u003Cdiv class=\u0022shop__products__thumb hover__box__thumb flex align-items-center justify-content-center\u0022\u003E\n                                \u003Ca title=\u0022D\u00cdAS DE NIEBLA\u0022 href=\u0022https:\/\/www.mundoarti.com\/media\/cache\/resolve\/watermark_filter\/foto-obra\/5ad4d1f41571c-ABA0071.jpg\u0022 class=\u0022grid-item\u0022 rel=\u0022nofollow\u0022\u003E\n                                        \u003Cimg data-src=\u0022https:\/\/www.mundoarti.com\/media\/cache\/resolve\/watermark_filter\/foto-obra\/5ad4d1f41571c-ABA0071.jpg\u0022\n                         alt=\u0022D\u00cdAS DE NIEBLA\u0022 class=\u0022lazyload\u0022\u003E\n                    \u003C\/a\u003E\n                                                                    \n            \u003C\/div\u003E\n            \u003Cdiv class=\u0022shop__products__info\u0022\u003E\n                \u003Ch3\u003E\n                    \u003Ca title=\u0022D\u00cdAS DE NIEBLA\u0022\u003ED\u00cdAS DE NIEBLA\u003C\/a\u003E\n                \u003C\/h3\u003E\n                \u003Cdiv class=\u0022py-1\u0022\u003EAntonio Atanasio Rinc\u00f3n\u003C\/div\u003E\n                                    \u003Ch3 class=\u0022mt-3\u0022\u003ESeleccionados\u003C\/h3\u003E\n                                            \u003C\/div\u003E\n        \u003C\/div\u003E\n    \u003C\/div\u003E\n\n\n                                                    \n            \n                                                            \n                 \n    \n                        \n    \n    \n    \u003Cdiv class=\u0022col-lg-3 col-sm-6\u0022\u003E\n        \u003Cdiv class=\u0022shop__products__item hover__box\u0022 style=\u0022padding: 0 10px\u0022\u003E\n            \u003Cdiv class=\u0022shop__products__thumb hover__box__thumb flex align-items-center justify-content-center\u0022\u003E\n                                \u003Ca title=\u0022ATRAPADA\u0022 href=\u0022https:\/\/www.mundoarti.com\/media\/cache\/resolve\/watermark_filter\/foto-obra\/5ad883060a211-AXK4813.jpg\u0022 class=\u0022grid-item\u0022 rel=\u0022nofollow\u0022\u003E\n                                        \u003Cimg data-src=\u0022https:\/\/www.mundoarti.com\/media\/cache\/resolve\/watermark_filter\/foto-obra\/5ad883060a211-AXK4813.jpg\u0022\n                         alt=\u0022ATRAPADA\u0022 class=\u0022lazyload\u0022\u003E\n                    \u003C\/a\u003E\n                                                                    \n            \u003C\/div\u003E\n            \u003Cdiv class=\u0022shop__products__info\u0022\u003E\n                \u003Ch3\u003E\n                    \u003Ca title=\u0022ATRAPADA\u0022\u003EATRAPADA\u003C\/a\u003E\n                \u003C\/h3\u003E\n                \u003Cdiv class=\u0022py-1\u0022\u003EMar\u00eda Jos\u00e9 Tarruella\u003C\/div\u003E\n                                    \u003Ch3 class=\u0022mt-3\u0022\u003ESeleccionados\u003C\/h3\u003E\n                                            \u003C\/div\u003E\n        \u003C\/div\u003E\n    \u003C\/div\u003E\n\n\n                                                    \n            \n                                                            \n                 \n    \n                        \n    \n    \n    \u003Cdiv class=\u0022col-lg-3 col-sm-6\u0022\u003E\n        \u003Cdiv class=\u0022shop__products__item hover__box\u0022 style=\u0022padding: 0 10px\u0022\u003E\n            \u003Cdiv class=\u0022shop__products__thumb hover__box__thumb flex align-items-center justify-content-center\u0022\u003E\n                                \u003Ca title=\u0022THE CAPE CHURCH\u0022 href=\u0022https:\/\/www.mundoarti.com\/media\/cache\/resolve\/watermark_filter\/foto-obra\/5ad9aed874d21-AXZ8960.jpg\u0022 class=\u0022grid-item\u0022 rel=\u0022nofollow\u0022\u003E\n                                        \u003Cimg data-src=\u0022https:\/\/www.mundoarti.com\/media\/cache\/resolve\/watermark_filter\/foto-obra\/5ad9aed874d21-AXZ8960.jpg\u0022\n                         alt=\u0022THE CAPE CHURCH\u0022 class=\u0022lazyload\u0022\u003E\n                    \u003C\/a\u003E\n                                                                    \n            \u003C\/div\u003E\n            \u003Cdiv class=\u0022shop__products__info\u0022\u003E\n                \u003Ch3\u003E\n                    \u003Ca title=\u0022THE CAPE CHURCH\u0022\u003ETHE CAPE CHURCH\u003C\/a\u003E\n                \u003C\/h3\u003E\n                \u003Cdiv class=\u0022py-1\u0022\u003ESantos Moreno Villar\u003C\/div\u003E\n                                    \u003Ch3 class=\u0022mt-3\u0022\u003ESeleccionados\u003C\/h3\u003E\n                                            \u003C\/div\u003E\n        \u003C\/div\u003E\n    \u003C\/div\u003E\n\n\n                                                    \n            \n                                                            \n                 \n    \n                        \n    \n    \n    \u003Cdiv class=\u0022col-lg-3 col-sm-6\u0022\u003E\n        \u003Cdiv class=\u0022shop__products__item hover__box\u0022 style=\u0022padding: 0 10px\u0022\u003E\n            \u003Cdiv class=\u0022shop__products__thumb hover__box__thumb flex align-items-center justify-content-center\u0022\u003E\n                                \u003Ca title=\u0022WELCOME TO EUROPE\u0022 href=\u0022https:\/\/www.mundoarti.com\/media\/cache\/resolve\/watermark_filter\/foto-obra\/5aaeacbf36957-AUW3950.jpg\u0022 class=\u0022grid-item\u0022 rel=\u0022nofollow\u0022\u003E\n                                        \u003Cimg data-src=\u0022https:\/\/www.mundoarti.com\/media\/cache\/resolve\/watermark_filter\/foto-obra\/5aaeacbf36957-AUW3950.jpg\u0022\n                         alt=\u0022WELCOME TO EUROPE\u0022 class=\u0022lazyload\u0022\u003E\n                    \u003C\/a\u003E\n                                                                    \n            \u003C\/div\u003E\n            \u003Cdiv class=\u0022shop__products__info\u0022\u003E\n                \u003Ch3\u003E\n                    \u003Ca title=\u0022WELCOME TO EUROPE\u0022\u003EWELCOME TO EUROPE\u003C\/a\u003E\n                \u003C\/h3\u003E\n                \u003Cdiv class=\u0022py-1\u0022\u003EJes\u00fas Blasco de Avellaneda\u003C\/div\u003E\n                                    \u003Ch3 class=\u0022mt-3\u0022\u003ESeleccionados\u003C\/h3\u003E\n                                            \u003C\/div\u003E\n        \u003C\/div\u003E\n    \u003C\/div\u003E\n\n\n                                                    \n            \n                                                            \n                 \n    \n                        \n    \n    \n    \u003Cdiv class=\u0022col-lg-3 col-sm-6\u0022\u003E\n        \u003Cdiv class=\u0022shop__products__item hover__box\u0022 style=\u0022padding: 0 10px\u0022\u003E\n            \u003Cdiv class=\u0022shop__products__thumb hover__box__thumb flex align-items-center justify-content-center\u0022\u003E\n                                \u003Ca title=\u0022BICIART\u0022 href=\u0022https:\/\/www.mundoarti.com\/media\/cache\/resolve\/watermark_filter\/foto-obra\/5ad4daf46f5b4-AWR1180.jpg\u0022 class=\u0022grid-item\u0022 rel=\u0022nofollow\u0022\u003E\n                                        \u003Cimg data-src=\u0022https:\/\/www.mundoarti.com\/media\/cache\/resolve\/watermark_filter\/foto-obra\/5ad4daf46f5b4-AWR1180.jpg\u0022\n                         alt=\u0022BICIART\u0022 class=\u0022lazyload\u0022\u003E\n                    \u003C\/a\u003E\n                                                                    \n            \u003C\/div\u003E\n            \u003Cdiv class=\u0022shop__products__info\u0022\u003E\n                \u003Ch3\u003E\n                    \u003Ca title=\u0022BICIART\u0022\u003EBICIART\u003C\/a\u003E\n                \u003C\/h3\u003E\n                \u003Cdiv class=\u0022py-1\u0022\u003EFrancisco Sen\u00f3n Rubio\u003C\/div\u003E\n                                    \u003Ch3 class=\u0022mt-3\u0022\u003ESeleccionados\u003C\/h3\u003E\n                                            \u003C\/div\u003E\n        \u003C\/div\u003E\n    \u003C\/div\u003E\n\n\n                                                    \n            \n                                                            \n                 \n    \n                        \n    \n    \n    \u003Cdiv class=\u0022col-lg-3 col-sm-6\u0022\u003E\n        \u003Cdiv class=\u0022shop__products__item hover__box\u0022 style=\u0022padding: 0 10px\u0022\u003E\n            \u003Cdiv class=\u0022shop__products__thumb hover__box__thumb flex align-items-center justify-content-center\u0022\u003E\n                                \u003Ca title=\u0022ENTRE LA NIEVE\u0022 href=\u0022https:\/\/www.mundoarti.com\/media\/cache\/resolve\/watermark_filter\/foto-obra\/5a91de0fa8a86-APC0129.jpg\u0022 class=\u0022grid-item\u0022 rel=\u0022nofollow\u0022\u003E\n                                        \u003Cimg data-src=\u0022https:\/\/www.mundoarti.com\/media\/cache\/resolve\/watermark_filter\/foto-obra\/5a91de0fa8a86-APC0129.jpg\u0022\n                         alt=\u0022ENTRE LA NIEVE\u0022 class=\u0022lazyload\u0022\u003E\n                    \u003C\/a\u003E\n                                                                    \n            \u003C\/div\u003E\n            \u003Cdiv class=\u0022shop__products__info\u0022\u003E\n                \u003Ch3\u003E\n                    \u003Ca title=\u0022ENTRE LA NIEVE\u0022\u003EENTRE LA NIEVE\u003C\/a\u003E\n                \u003C\/h3\u003E\n                \u003Cdiv class=\u0022py-1\u0022\u003EJose Miguel Romero Barco\u003C\/div\u003E\n                                    \u003Ch3 class=\u0022mt-3\u0022\u003ESeleccionados\u003C\/h3\u003E\n                                            \u003C\/div\u003E\n        \u003C\/div\u003E\n    \u003C\/div\u003E\n\n\n                                                    \n            \n                                                            \n                 \n    \n                        \n    \n    \n    \u003Cdiv class=\u0022col-lg-3 col-sm-6\u0022\u003E\n        \u003Cdiv class=\u0022shop__products__item hover__box\u0022 style=\u0022padding: 0 10px\u0022\u003E\n            \u003Cdiv class=\u0022shop__products__thumb hover__box__thumb flex align-items-center justify-content-center\u0022\u003E\n                                \u003Ca title=\u0022BRUMES\u0022 href=\u0022https:\/\/www.mundoarti.com\/media\/cache\/resolve\/watermark_filter\/foto-obra\/5ad08094520a1-AZQ5870.jpg\u0022 class=\u0022grid-item\u0022 rel=\u0022nofollow\u0022\u003E\n                                        \u003Cimg data-src=\u0022https:\/\/www.mundoarti.com\/media\/cache\/resolve\/watermark_filter\/foto-obra\/5ad08094520a1-AZQ5870.jpg\u0022\n                         alt=\u0022BRUMES\u0022 class=\u0022lazyload\u0022\u003E\n                    \u003C\/a\u003E\n                                                                    \n            \u003C\/div\u003E\n            \u003Cdiv class=\u0022shop__products__info\u0022\u003E\n                \u003Ch3\u003E\n                    \u003Ca title=\u0022BRUMES\u0022\u003EBRUMES\u003C\/a\u003E\n                \u003C\/h3\u003E\n                \u003Cdiv class=\u0022py-1\u0022\u003ECarlos Punyet Mir\u00f3\u003C\/div\u003E\n                                    \u003Ch3 class=\u0022mt-3\u0022\u003ESeleccionados\u003C\/h3\u003E\n                                            \u003C\/div\u003E\n        \u003C\/div\u003E\n    \u003C\/div\u003E\n\n\n                                                    \n            \n                                                            \n                 \n    \n                        \n    \n    \n    \u003Cdiv class=\u0022col-lg-3 col-sm-6\u0022\u003E\n        \u003Cdiv class=\u0022shop__products__item hover__box\u0022 style=\u0022padding: 0 10px\u0022\u003E\n            \u003Cdiv class=\u0022shop__products__thumb hover__box__thumb flex align-items-center justify-content-center\u0022\u003E\n                                \u003Ca title=\u0022PASEANDO ENTRE MUERTOS\u0022 href=\u0022https:\/\/www.mundoarti.com\/media\/cache\/resolve\/watermark_filter\/foto-obra\/5ad460eb5af02-AEL5972.jpg\u0022 class=\u0022grid-item\u0022 rel=\u0022nofollow\u0022\u003E\n                                        \u003Cimg data-src=\u0022https:\/\/www.mundoarti.com\/media\/cache\/resolve\/watermark_filter\/foto-obra\/5ad460eb5af02-AEL5972.jpg\u0022\n                         alt=\u0022PASEANDO ENTRE MUERTOS\u0022 class=\u0022lazyload\u0022\u003E\n                    \u003C\/a\u003E\n                                                                    \n            \u003C\/div\u003E\n            \u003Cdiv class=\u0022shop__products__info\u0022\u003E\n                \u003Ch3\u003E\n                    \u003Ca title=\u0022PASEANDO ENTRE MUERTOS\u0022\u003EPASEANDO ENTRE MUERTOS\u003C\/a\u003E\n                \u003C\/h3\u003E\n                \u003Cdiv class=\u0022py-1\u0022\u003EDiego Pedra Benzal\u003C\/div\u003E\n                                    \u003Ch3 class=\u0022mt-3\u0022\u003ESeleccionados\u003C\/h3\u003E\n                                            \u003C\/div\u003E\n        \u003C\/div\u003E\n    \u003C\/div\u003E\n\n\n                                                    \n            \n                                                            \n                 \n    \n                        \n    \n    \n    \u003Cdiv class=\u0022col-lg-3 col-sm-6\u0022\u003E\n        \u003Cdiv class=\u0022shop__products__item hover__box\u0022 style=\u0022padding: 0 10px\u0022\u003E\n            \u003Cdiv class=\u0022shop__products__thumb hover__box__thumb flex align-items-center justify-content-center\u0022\u003E\n                                \u003Ca title=\u0022GEYSERS DEL TATIO\u0022 href=\u0022https:\/\/www.mundoarti.com\/media\/cache\/resolve\/watermark_filter\/foto-obra\/5ad9ae931b408-AXZ8960.jpg\u0022 class=\u0022grid-item\u0022 rel=\u0022nofollow\u0022\u003E\n                                        \u003Cimg data-src=\u0022https:\/\/www.mundoarti.com\/media\/cache\/resolve\/watermark_filter\/foto-obra\/5ad9ae931b408-AXZ8960.jpg\u0022\n                         alt=\u0022GEYSERS DEL TATIO\u0022 class=\u0022lazyload\u0022\u003E\n                    \u003C\/a\u003E\n                                                                    \n            \u003C\/div\u003E\n            \u003Cdiv class=\u0022shop__products__info\u0022\u003E\n                \u003Ch3\u003E\n                    \u003Ca title=\u0022GEYSERS DEL TATIO\u0022\u003EGEYSERS DEL TATIO\u003C\/a\u003E\n                \u003C\/h3\u003E\n                \u003Cdiv class=\u0022py-1\u0022\u003ESantos Moreno Villar\u003C\/div\u003E\n                                    \u003Ch3 class=\u0022mt-3\u0022\u003ESeleccionados\u003C\/h3\u003E\n                                            \u003C\/div\u003E\n        \u003C\/div\u003E\n    \u003C\/div\u003E\n\n\n                                                    \n            \n                                                            \n                 \n    \n                        \n    \n    \n    \u003Cdiv class=\u0022col-lg-3 col-sm-6\u0022\u003E\n        \u003Cdiv class=\u0022shop__products__item hover__box\u0022 style=\u0022padding: 0 10px\u0022\u003E\n            \u003Cdiv class=\u0022shop__products__thumb hover__box__thumb flex align-items-center justify-content-center\u0022\u003E\n                                \u003Ca title=\u0022DUPONT  CIRCLE\u0022 href=\u0022https:\/\/www.mundoarti.com\/media\/cache\/resolve\/watermark_filter\/foto-obra\/5ad4e12febd18-AWR1180.jpg\u0022 class=\u0022grid-item\u0022 rel=\u0022nofollow\u0022\u003E\n                                        \u003Cimg data-src=\u0022https:\/\/www.mundoarti.com\/media\/cache\/resolve\/watermark_filter\/foto-obra\/5ad4e12febd18-AWR1180.jpg\u0022\n                         alt=\u0022DUPONT  CIRCLE\u0022 class=\u0022lazyload\u0022\u003E\n                    \u003C\/a\u003E\n                                                                    \n            \u003C\/div\u003E\n            \u003Cdiv class=\u0022shop__products__info\u0022\u003E\n                \u003Ch3\u003E\n                    \u003Ca title=\u0022DUPONT  CIRCLE\u0022\u003EDUPONT  CIRCLE\u003C\/a\u003E\n                \u003C\/h3\u003E\n                \u003Cdiv class=\u0022py-1\u0022\u003EFrancisco Sen\u00f3n Rubio\u003C\/div\u003E\n                                    \u003Ch3 class=\u0022mt-3\u0022\u003ESeleccionados\u003C\/h3\u003E\n                                            \u003C\/div\u003E\n        \u003C\/div\u003E\n    \u003C\/div\u003E\n\n\n                                                    \n            \n                                                            \n                 \n    \n                        \n    \n    \n    \u003Cdiv class=\u0022col-lg-3 col-sm-6\u0022\u003E\n        \u003Cdiv class=\u0022shop__products__item hover__box\u0022 style=\u0022padding: 0 10px\u0022\u003E\n            \u003Cdiv class=\u0022shop__products__thumb hover__box__thumb flex align-items-center justify-content-center\u0022\u003E\n                                \u003Ca title=\u0022SURFER\u0022 href=\u0022https:\/\/www.mundoarti.com\/media\/cache\/resolve\/watermark_filter\/foto-obra\/5acf4b9030b9e-ASU0172.jpg\u0022 class=\u0022grid-item\u0022 rel=\u0022nofollow\u0022\u003E\n                                        \u003Cimg data-src=\u0022https:\/\/www.mundoarti.com\/media\/cache\/resolve\/watermark_filter\/foto-obra\/5acf4b9030b9e-ASU0172.jpg\u0022\n                         alt=\u0022SURFER\u0022 class=\u0022lazyload\u0022\u003E\n                    \u003C\/a\u003E\n                                                                    \n            \u003C\/div\u003E\n            \u003Cdiv class=\u0022shop__products__info\u0022\u003E\n                \u003Ch3\u003E\n                    \u003Ca title=\u0022SURFER\u0022\u003ESURFER\u003C\/a\u003E\n                \u003C\/h3\u003E\n                \u003Cdiv class=\u0022py-1\u0022\u003EMiguel Cabezas\u003C\/div\u003E\n                                    \u003Ch3 class=\u0022mt-3\u0022\u003ESeleccionados\u003C\/h3\u003E\n                                            \u003C\/div\u003E\n        \u003C\/div\u003E\n    \u003C\/div\u003E\n\n\n                                                    \n            \n                                                            \n                 \n    \n                        \n    \n    \n    \u003Cdiv class=\u0022col-lg-3 col-sm-6\u0022\u003E\n        \u003Cdiv class=\u0022shop__products__item hover__box\u0022 style=\u0022padding: 0 10px\u0022\u003E\n            \u003Cdiv class=\u0022shop__products__thumb hover__box__thumb flex align-items-center justify-content-center\u0022\u003E\n                                \u003Ca title=\u0022DEPORTE URBANO\u0022 href=\u0022https:\/\/www.mundoarti.com\/media\/cache\/resolve\/watermark_filter\/foto-obra\/5ad76eddeb479-AEU4502.jpg\u0022 class=\u0022grid-item\u0022 rel=\u0022nofollow\u0022\u003E\n                                        \u003Cimg data-src=\u0022https:\/\/www.mundoarti.com\/media\/cache\/resolve\/watermark_filter\/foto-obra\/5ad76eddeb479-AEU4502.jpg\u0022\n                         alt=\u0022DEPORTE URBANO\u0022 class=\u0022lazyload\u0022\u003E\n                    \u003C\/a\u003E\n                                                                    \n            \u003C\/div\u003E\n            \u003Cdiv class=\u0022shop__products__info\u0022\u003E\n                \u003Ch3\u003E\n                    \u003Ca title=\u0022DEPORTE URBANO\u0022\u003EDEPORTE URBANO\u003C\/a\u003E\n                \u003C\/h3\u003E\n                \u003Cdiv class=\u0022py-1\u0022\u003EJos\u00e9 Lu\u00eds Fern\u00e1ndez Mart\u00ednez\u003C\/div\u003E\n                                    \u003Ch3 class=\u0022mt-3\u0022\u003ESeleccionados\u003C\/h3\u003E\n                                            \u003C\/div\u003E\n        \u003C\/div\u003E\n    \u003C\/div\u003E\n\n\n                                            \u003C\/div\u003E\n                            \u003C\/div\u003E\n        \u003C\/div\u003E\n        \n    \u003Cscript src=\u0022\/assets\/frontend\/js\/plugins\/lightgallery.min.js\u0022 type=\u0022text\/javascript\u0022\u003E\u003C\/script\u003E\n    \u003Cscript src=\u0022\/assets\/frontend\/js\/plugins\/lightgalleryVimeoPlugin.min.js\u0022\n            type=\u0022text\/javascript\u0022\u003E\u003C\/script\u003E\n    \u003Cscript type=\u0022text\/javascript\u0022\u003E\n        $(\u0022.light_gallery\u0022).lightGallery({\n            selector: \u0027.grid-item\u0027\n        });\n    \u003C\/script\u003E\n"