"\n    \u003Clink media=\u0022all\u0022 rel=\u0022stylesheet\u0022 href=\u0022\/assets\/frontend\/css\/lightgallery.css\u0022\u003E\n    \u003Cmeta property=\u0022og:title\u0022 content=\u0022Ganadores del concurso CONCURSO NACIONAL DE FOTOGRAF\u00cdA \u201cL\u2019ART DE LA LLUM\u201d 2018\u0022\/\u003E\n    \u003Cmeta property=\u0022og:description\u0022 content=\u0022Resultados del concurso CONCURSO NACIONAL DE FOTOGRAF\u00cdA \u201cL\u2019ART DE LA LLUM\u201d 2018\u0022\/\u003E\n    \u003Cmeta property=\u0022og:type\u0022 content=\u0022article\u0022\/\u003E\n    \u003Cmeta property=\u0022og:url\u0022\n          content=\u0022http:\/\/mundoarti.com\/concursos\/resultados\/CWK3240\/69\/98\/\u0022\/\u003E\n\n                                                \u003Cmeta property=\u0022og:image\u0022\n                      content=\u0022http:\/\/mundoarti.com\/uploads\/foto-obra\/5ad0dc9ec7d76-ALZ5602.jpg\u0022\/\u003E\n                \u003Cmeta property=\u0022og:image:alt\u0022 content=\u0022\u0022\/\u003E\n                        \n\n\n\n\n    \n    \n        \u003Cdiv class=\u0022container mt-5\u0022\u003E\n            \u003Ch2 class=\u0022title align-center title-border-bottom\u0022\u003E\n                Ganadores\n            \u003C\/h2\u003E\n            \u003Cdiv class=\u0022light_gallery\u0022\u003E\n                                    \u003Cdiv class=\u0022col-12 flex flex-wrap justify-content-start\u0022\u003E\n                                                    \n            \n                                                            \n                 \n    \n                        \n    \n    \n    \u003Cdiv class=\u0022col-lg-3 col-sm-6\u0022\u003E\n        \u003Cdiv class=\u0022shop__products__item hover__box\u0022 style=\u0022padding: 0 10px\u0022\u003E\n            \u003Cdiv class=\u0022shop__products__thumb hover__box__thumb flex align-items-center justify-content-center\u0022\u003E\n                                \u003Ca title=\u0022BIENVENIDO\u0022 href=\u0022https:\/\/www.mundoarti.com\/media\/cache\/resolve\/watermark_filter\/foto-obra\/5ad0dc9ec7d76-ALZ5602.jpg\u0022 class=\u0022grid-item\u0022 rel=\u0022nofollow\u0022\u003E\n                                        \u003Cimg data-src=\u0022https:\/\/www.mundoarti.com\/media\/cache\/resolve\/watermark_filter\/foto-obra\/5ad0dc9ec7d76-ALZ5602.jpg\u0022\n                         alt=\u0022BIENVENIDO\u0022 class=\u0022lazyload\u0022\u003E\n                    \u003C\/a\u003E\n                                                                    \n            \u003C\/div\u003E\n            \u003Cdiv class=\u0022shop__products__info\u0022\u003E\n                \u003Ch3\u003E\n                    \u003Ca title=\u0022BIENVENIDO\u0022\u003EBIENVENIDO\u003C\/a\u003E\n                \u003C\/h3\u003E\n                \u003Cdiv class=\u0022py-1\u0022\u003EUrbano Su\u00e1rez\u003C\/div\u003E\n                                    \u003Ch3 class=\u0022mt-3\u0022\u003E1\u00ba premio: Medalla Plateada FLF\u003C\/h3\u003E\n                                                    \u003Cspan class=\u0022shop__products__price\u0022\u003E300 \u20ac\u003C\/span\u003E\n                            \u003C\/div\u003E\n        \u003C\/div\u003E\n    \u003C\/div\u003E\n\n\n                                                    \n            \n                                                            \n                 \n    \n                        \n    \n    \n    \u003Cdiv class=\u0022col-lg-3 col-sm-6\u0022\u003E\n        \u003Cdiv class=\u0022shop__products__item hover__box\u0022 style=\u0022padding: 0 10px\u0022\u003E\n            \u003Cdiv class=\u0022shop__products__thumb hover__box__thumb flex align-items-center justify-content-center\u0022\u003E\n                                \u003Ca title=\u0022EL TIEMPO VUELA\u0022 href=\u0022https:\/\/www.mundoarti.com\/media\/cache\/resolve\/watermark_filter\/foto-obra\/5ad5f57bac533-ASA1219.jpg\u0022 class=\u0022grid-item\u0022 rel=\u0022nofollow\u0022\u003E\n                                        \u003Cimg data-src=\u0022https:\/\/www.mundoarti.com\/media\/cache\/resolve\/watermark_filter\/foto-obra\/5ad5f57bac533-ASA1219.jpg\u0022\n                         alt=\u0022EL TIEMPO VUELA\u0022 class=\u0022lazyload\u0022\u003E\n                    \u003C\/a\u003E\n                                                                    \n            \u003C\/div\u003E\n            \u003Cdiv class=\u0022shop__products__info\u0022\u003E\n                \u003Ch3\u003E\n                    \u003Ca title=\u0022EL TIEMPO VUELA\u0022\u003EEL TIEMPO VUELA\u003C\/a\u003E\n                \u003C\/h3\u003E\n                \u003Cdiv class=\u0022py-1\u0022\u003EJulio L\u00f3pez Morata\u003C\/div\u003E\n                                    \u003Ch3 class=\u0022mt-3\u0022\u003E2\u00ba premio: Menci\u00f3n de Honor FLF\u003C\/h3\u003E\n                                                    \u003Cspan class=\u0022shop__products__price\u0022\u003E200 \u20ac\u003C\/span\u003E\n                            \u003C\/div\u003E\n        \u003C\/div\u003E\n    \u003C\/div\u003E\n\n\n                                                    \n            \n                                                            \n                 \n    \n                        \n    \n    \n    \u003Cdiv class=\u0022col-lg-3 col-sm-6\u0022\u003E\n        \u003Cdiv class=\u0022shop__products__item hover__box\u0022 style=\u0022padding: 0 10px\u0022\u003E\n            \u003Cdiv class=\u0022shop__products__thumb hover__box__thumb flex align-items-center justify-content-center\u0022\u003E\n                                \u003Ca title=\u0022GRANDE COME AL CHICO\u0022 href=\u0022https:\/\/www.mundoarti.com\/media\/cache\/resolve\/watermark_filter\/foto-obra\/5ad77210cd35b-AEU4502.jpg\u0022 class=\u0022grid-item\u0022 rel=\u0022nofollow\u0022\u003E\n                                        \u003Cimg data-src=\u0022https:\/\/www.mundoarti.com\/media\/cache\/resolve\/watermark_filter\/foto-obra\/5ad77210cd35b-AEU4502.jpg\u0022\n                         alt=\u0022GRANDE COME AL CHICO\u0022 class=\u0022lazyload\u0022\u003E\n                    \u003C\/a\u003E\n                                                                    \n            \u003C\/div\u003E\n            \u003Cdiv class=\u0022shop__products__info\u0022\u003E\n                \u003Ch3\u003E\n                    \u003Ca title=\u0022GRANDE COME AL CHICO\u0022\u003EGRANDE COME AL CHICO\u003C\/a\u003E\n                \u003C\/h3\u003E\n                \u003Cdiv class=\u0022py-1\u0022\u003EJos\u00e9 Lu\u00eds Fern\u00e1ndez Mart\u00ednez\u003C\/div\u003E\n                                    \u003Ch3 class=\u0022mt-3\u0022\u003E3\u00ba premio: Menci\u00f3n de Honor FLF\u003C\/h3\u003E\n                                                    \u003Cspan class=\u0022shop__products__price\u0022\u003E100 \u20ac\u003C\/span\u003E\n                            \u003C\/div\u003E\n        \u003C\/div\u003E\n    \u003C\/div\u003E\n\n\n                                                    \n            \n                                                            \n                 \n    \n                        \n    \n    \n    \u003Cdiv class=\u0022col-lg-3 col-sm-6\u0022\u003E\n        \u003Cdiv class=\u0022shop__products__item hover__box\u0022 style=\u0022padding: 0 10px\u0022\u003E\n            \u003Cdiv class=\u0022shop__products__thumb hover__box__thumb flex align-items-center justify-content-center\u0022\u003E\n                                \u003Ca title=\u0022DIALOGOS CON STEPHEN KING\u0022 href=\u0022https:\/\/www.mundoarti.com\/media\/cache\/resolve\/watermark_filter\/foto-obra\/5ad0db9005e4b-ALZ5602.jpg\u0022 class=\u0022grid-item\u0022 rel=\u0022nofollow\u0022\u003E\n                                        \u003Cimg data-src=\u0022https:\/\/www.mundoarti.com\/media\/cache\/resolve\/watermark_filter\/foto-obra\/5ad0db9005e4b-ALZ5602.jpg\u0022\n                         alt=\u0022DIALOGOS CON STEPHEN KING\u0022 class=\u0022lazyload\u0022\u003E\n                    \u003C\/a\u003E\n                                                                    \n            \u003C\/div\u003E\n            \u003Cdiv class=\u0022shop__products__info\u0022\u003E\n                \u003Ch3\u003E\n                    \u003Ca title=\u0022DIALOGOS CON STEPHEN KING\u0022\u003EDIALOGOS CON STEPHEN KING\u003C\/a\u003E\n                \u003C\/h3\u003E\n                \u003Cdiv class=\u0022py-1\u0022\u003EUrbano Su\u00e1rez\u003C\/div\u003E\n                                    \u003Ch3 class=\u0022mt-3\u0022\u003ESeleccionados\u003C\/h3\u003E\n                                            \u003C\/div\u003E\n        \u003C\/div\u003E\n    \u003C\/div\u003E\n\n\n                                                    \n            \n                                                            \n                 \n    \n                        \n    \n    \n    \u003Cdiv class=\u0022col-lg-3 col-sm-6\u0022\u003E\n        \u003Cdiv class=\u0022shop__products__item hover__box\u0022 style=\u0022padding: 0 10px\u0022\u003E\n            \u003Cdiv class=\u0022shop__products__thumb hover__box__thumb flex align-items-center justify-content-center\u0022\u003E\n                                \u003Ca title=\u0022LA GRAN MANZANA\u0022 href=\u0022https:\/\/www.mundoarti.com\/media\/cache\/resolve\/watermark_filter\/foto-obra\/5ad8def086b7c-AIP7010.jpg\u0022 class=\u0022grid-item\u0022 rel=\u0022nofollow\u0022\u003E\n                                        \u003Cimg data-src=\u0022https:\/\/www.mundoarti.com\/media\/cache\/resolve\/watermark_filter\/foto-obra\/5ad8def086b7c-AIP7010.jpg\u0022\n                         alt=\u0022LA GRAN MANZANA\u0022 class=\u0022lazyload\u0022\u003E\n                    \u003C\/a\u003E\n                                                                    \n            \u003C\/div\u003E\n            \u003Cdiv class=\u0022shop__products__info\u0022\u003E\n                \u003Ch3\u003E\n                    \u003Ca title=\u0022LA GRAN MANZANA\u0022\u003ELA GRAN MANZANA\u003C\/a\u003E\n                \u003C\/h3\u003E\n                \u003Cdiv class=\u0022py-1\u0022\u003EFrancisco Javier Dom\u00ednguez Garc\u00eda\u003C\/div\u003E\n                                    \u003Ch3 class=\u0022mt-3\u0022\u003ESeleccionados\u003C\/h3\u003E\n                                            \u003C\/div\u003E\n        \u003C\/div\u003E\n    \u003C\/div\u003E\n\n\n                                                    \n            \n                                                            \n                 \n    \n                        \n    \n    \n    \u003Cdiv class=\u0022col-lg-3 col-sm-6\u0022\u003E\n        \u003Cdiv class=\u0022shop__products__item hover__box\u0022 style=\u0022padding: 0 10px\u0022\u003E\n            \u003Cdiv class=\u0022shop__products__thumb hover__box__thumb flex align-items-center justify-content-center\u0022\u003E\n                                \u003Ca title=\u0022LA MANO\u0022 href=\u0022https:\/\/www.mundoarti.com\/media\/cache\/resolve\/watermark_filter\/foto-obra\/5ab79cf7e7f18-ADD0226.jpg\u0022 class=\u0022grid-item\u0022 rel=\u0022nofollow\u0022\u003E\n                                        \u003Cimg data-src=\u0022https:\/\/www.mundoarti.com\/media\/cache\/resolve\/watermark_filter\/foto-obra\/5ab79cf7e7f18-ADD0226.jpg\u0022\n                         alt=\u0022LA MANO\u0022 class=\u0022lazyload\u0022\u003E\n                    \u003C\/a\u003E\n                                                                    \n            \u003C\/div\u003E\n            \u003Cdiv class=\u0022shop__products__info\u0022\u003E\n                \u003Ch3\u003E\n                    \u003Ca title=\u0022LA MANO\u0022\u003ELA MANO\u003C\/a\u003E\n                \u003C\/h3\u003E\n                \u003Cdiv class=\u0022py-1\u0022\u003EFernando M\u00e9ndez Ramos\u003C\/div\u003E\n                                    \u003Ch3 class=\u0022mt-3\u0022\u003ESeleccionados\u003C\/h3\u003E\n                                            \u003C\/div\u003E\n        \u003C\/div\u003E\n    \u003C\/div\u003E\n\n\n                                                    \n            \n                                                            \n                 \n    \n                        \n    \n    \n    \u003Cdiv class=\u0022col-lg-3 col-sm-6\u0022\u003E\n        \u003Cdiv class=\u0022shop__products__item hover__box\u0022 style=\u0022padding: 0 10px\u0022\u003E\n            \u003Cdiv class=\u0022shop__products__thumb hover__box__thumb flex align-items-center justify-content-center\u0022\u003E\n                                \u003Ca title=\u0022MET\u00c1FORA DE OTO\u00d1O\u0022 href=\u0022https:\/\/www.mundoarti.com\/media\/cache\/resolve\/watermark_filter\/foto-obra\/5ac4b4db97238-AHG1147.jpg\u0022 class=\u0022grid-item\u0022 rel=\u0022nofollow\u0022\u003E\n                                        \u003Cimg data-src=\u0022https:\/\/www.mundoarti.com\/media\/cache\/resolve\/watermark_filter\/foto-obra\/5ac4b4db97238-AHG1147.jpg\u0022\n                         alt=\u0022MET\u00c1FORA DE OTO\u00d1O\u0022 class=\u0022lazyload\u0022\u003E\n                    \u003C\/a\u003E\n                                                                    \n            \u003C\/div\u003E\n            \u003Cdiv class=\u0022shop__products__info\u0022\u003E\n                \u003Ch3\u003E\n                    \u003Ca title=\u0022MET\u00c1FORA DE OTO\u00d1O\u0022\u003EMET\u00c1FORA DE OTO\u00d1O\u003C\/a\u003E\n                \u003C\/h3\u003E\n                \u003Cdiv class=\u0022py-1\u0022\u003EJose Ram\u00f3n Luna de la Ossa\u003C\/div\u003E\n                                    \u003Ch3 class=\u0022mt-3\u0022\u003ESeleccionados\u003C\/h3\u003E\n                                            \u003C\/div\u003E\n        \u003C\/div\u003E\n    \u003C\/div\u003E\n\n\n                                                    \n            \n                                                            \n                 \n    \n                        \n    \n    \n    \u003Cdiv class=\u0022col-lg-3 col-sm-6\u0022\u003E\n        \u003Cdiv class=\u0022shop__products__item hover__box\u0022 style=\u0022padding: 0 10px\u0022\u003E\n            \u003Cdiv class=\u0022shop__products__thumb hover__box__thumb flex align-items-center justify-content-center\u0022\u003E\n                                \u003Ca title=\u0022RUNNING\u0022 href=\u0022https:\/\/www.mundoarti.com\/media\/cache\/resolve\/watermark_filter\/foto-obra\/5ad0dd7530b41-ALZ5602.jpg\u0022 class=\u0022grid-item\u0022 rel=\u0022nofollow\u0022\u003E\n                                        \u003Cimg data-src=\u0022https:\/\/www.mundoarti.com\/media\/cache\/resolve\/watermark_filter\/foto-obra\/5ad0dd7530b41-ALZ5602.jpg\u0022\n                         alt=\u0022RUNNING\u0022 class=\u0022lazyload\u0022\u003E\n                    \u003C\/a\u003E\n                                                                    \n            \u003C\/div\u003E\n            \u003Cdiv class=\u0022shop__products__info\u0022\u003E\n                \u003Ch3\u003E\n                    \u003Ca title=\u0022RUNNING\u0022\u003ERUNNING\u003C\/a\u003E\n                \u003C\/h3\u003E\n                \u003Cdiv class=\u0022py-1\u0022\u003EUrbano Su\u00e1rez\u003C\/div\u003E\n                                    \u003Ch3 class=\u0022mt-3\u0022\u003ESeleccionados\u003C\/h3\u003E\n                                            \u003C\/div\u003E\n        \u003C\/div\u003E\n    \u003C\/div\u003E\n\n\n                                                    \n            \n                                                            \n                 \n    \n                        \n    \n    \n    \u003Cdiv class=\u0022col-lg-3 col-sm-6\u0022\u003E\n        \u003Cdiv class=\u0022shop__products__item hover__box\u0022 style=\u0022padding: 0 10px\u0022\u003E\n            \u003Cdiv class=\u0022shop__products__thumb hover__box__thumb flex align-items-center justify-content-center\u0022\u003E\n                                \u003Ca title=\u0022PIEDRA\u0022 href=\u0022https:\/\/www.mundoarti.com\/media\/cache\/resolve\/watermark_filter\/foto-obra\/5ad466866a23c-AEL5972.jpg\u0022 class=\u0022grid-item\u0022 rel=\u0022nofollow\u0022\u003E\n                                        \u003Cimg data-src=\u0022https:\/\/www.mundoarti.com\/media\/cache\/resolve\/watermark_filter\/foto-obra\/5ad466866a23c-AEL5972.jpg\u0022\n                         alt=\u0022PIEDRA\u0022 class=\u0022lazyload\u0022\u003E\n                    \u003C\/a\u003E\n                                                                    \n            \u003C\/div\u003E\n            \u003Cdiv class=\u0022shop__products__info\u0022\u003E\n                \u003Ch3\u003E\n                    \u003Ca title=\u0022PIEDRA\u0022\u003EPIEDRA\u003C\/a\u003E\n                \u003C\/h3\u003E\n                \u003Cdiv class=\u0022py-1\u0022\u003EDiego Pedra Benzal\u003C\/div\u003E\n                                    \u003Ch3 class=\u0022mt-3\u0022\u003ESeleccionados\u003C\/h3\u003E\n                                            \u003C\/div\u003E\n        \u003C\/div\u003E\n    \u003C\/div\u003E\n\n\n                                                    \n            \n                                                            \n                 \n    \n                        \n    \n    \n    \u003Cdiv class=\u0022col-lg-3 col-sm-6\u0022\u003E\n        \u003Cdiv class=\u0022shop__products__item hover__box\u0022 style=\u0022padding: 0 10px\u0022\u003E\n            \u003Cdiv class=\u0022shop__products__thumb hover__box__thumb flex align-items-center justify-content-center\u0022\u003E\n                                \u003Ca title=\u0022LA VIDA ENTRE P\u00c1GINAS\u0022 href=\u0022https:\/\/www.mundoarti.com\/media\/cache\/resolve\/watermark_filter\/foto-obra\/5a8dba30d43b5-ADK2489.jpg\u0022 class=\u0022grid-item\u0022 rel=\u0022nofollow\u0022\u003E\n                                        \u003Cimg data-src=\u0022https:\/\/www.mundoarti.com\/media\/cache\/resolve\/watermark_filter\/foto-obra\/5a8dba30d43b5-ADK2489.jpg\u0022\n                         alt=\u0022LA VIDA ENTRE P\u00c1GINAS\u0022 class=\u0022lazyload\u0022\u003E\n                    \u003C\/a\u003E\n                                                                    \n            \u003C\/div\u003E\n            \u003Cdiv class=\u0022shop__products__info\u0022\u003E\n                \u003Ch3\u003E\n                    \u003Ca title=\u0022LA VIDA ENTRE P\u00c1GINAS\u0022\u003ELA VIDA ENTRE P\u00c1GINAS\u003C\/a\u003E\n                \u003C\/h3\u003E\n                \u003Cdiv class=\u0022py-1\u0022\u003EJennifer Ari\u00f1o Merino\u003C\/div\u003E\n                                    \u003Ch3 class=\u0022mt-3\u0022\u003ESeleccionados\u003C\/h3\u003E\n                                            \u003C\/div\u003E\n        \u003C\/div\u003E\n    \u003C\/div\u003E\n\n\n                                                    \n            \n                                                            \n                 \n    \n                        \n    \n    \n    \u003Cdiv class=\u0022col-lg-3 col-sm-6\u0022\u003E\n        \u003Cdiv class=\u0022shop__products__item hover__box\u0022 style=\u0022padding: 0 10px\u0022\u003E\n            \u003Cdiv class=\u0022shop__products__thumb hover__box__thumb flex align-items-center justify-content-center\u0022\u003E\n                                \u003Ca title=\u0022CUCHARA\u0022 href=\u0022https:\/\/www.mundoarti.com\/media\/cache\/resolve\/watermark_filter\/foto-obra\/5ad465e5d6313-AEL5972.jpg\u0022 class=\u0022grid-item\u0022 rel=\u0022nofollow\u0022\u003E\n                                        \u003Cimg data-src=\u0022https:\/\/www.mundoarti.com\/media\/cache\/resolve\/watermark_filter\/foto-obra\/5ad465e5d6313-AEL5972.jpg\u0022\n                         alt=\u0022CUCHARA\u0022 class=\u0022lazyload\u0022\u003E\n                    \u003C\/a\u003E\n                                                                    \n            \u003C\/div\u003E\n            \u003Cdiv class=\u0022shop__products__info\u0022\u003E\n                \u003Ch3\u003E\n                    \u003Ca title=\u0022CUCHARA\u0022\u003ECUCHARA\u003C\/a\u003E\n                \u003C\/h3\u003E\n                \u003Cdiv class=\u0022py-1\u0022\u003EDiego Pedra Benzal\u003C\/div\u003E\n                                    \u003Ch3 class=\u0022mt-3\u0022\u003ESeleccionados\u003C\/h3\u003E\n                                            \u003C\/div\u003E\n        \u003C\/div\u003E\n    \u003C\/div\u003E\n\n\n                                                    \n            \n                                                            \n                 \n    \n                        \n    \n    \n    \u003Cdiv class=\u0022col-lg-3 col-sm-6\u0022\u003E\n        \u003Cdiv class=\u0022shop__products__item hover__box\u0022 style=\u0022padding: 0 10px\u0022\u003E\n            \u003Cdiv class=\u0022shop__products__thumb hover__box__thumb flex align-items-center justify-content-center\u0022\u003E\n                                \u003Ca title=\u0022CHECKMATE\u0022 href=\u0022https:\/\/www.mundoarti.com\/media\/cache\/resolve\/watermark_filter\/foto-obra\/5a91d6ee92b0a-APC0129.jpg\u0022 class=\u0022grid-item\u0022 rel=\u0022nofollow\u0022\u003E\n                                        \u003Cimg data-src=\u0022https:\/\/www.mundoarti.com\/media\/cache\/resolve\/watermark_filter\/foto-obra\/5a91d6ee92b0a-APC0129.jpg\u0022\n                         alt=\u0022CHECKMATE\u0022 class=\u0022lazyload\u0022\u003E\n                    \u003C\/a\u003E\n                                                                    \n            \u003C\/div\u003E\n            \u003Cdiv class=\u0022shop__products__info\u0022\u003E\n                \u003Ch3\u003E\n                    \u003Ca title=\u0022CHECKMATE\u0022\u003ECHECKMATE\u003C\/a\u003E\n                \u003C\/h3\u003E\n                \u003Cdiv class=\u0022py-1\u0022\u003EJose Miguel Romero Barco\u003C\/div\u003E\n                                    \u003Ch3 class=\u0022mt-3\u0022\u003ESeleccionados\u003C\/h3\u003E\n                                            \u003C\/div\u003E\n        \u003C\/div\u003E\n    \u003C\/div\u003E\n\n\n                                                    \n            \n                                                            \n                 \n    \n                        \n    \n    \n    \u003Cdiv class=\u0022col-lg-3 col-sm-6\u0022\u003E\n        \u003Cdiv class=\u0022shop__products__item hover__box\u0022 style=\u0022padding: 0 10px\u0022\u003E\n            \u003Cdiv class=\u0022shop__products__thumb hover__box__thumb flex align-items-center justify-content-center\u0022\u003E\n                                \u003Ca title=\u0022ACORRALADA\u0022 href=\u0022https:\/\/www.mundoarti.com\/media\/cache\/resolve\/watermark_filter\/foto-obra\/5acb746638916-APC0129.jpg\u0022 class=\u0022grid-item\u0022 rel=\u0022nofollow\u0022\u003E\n                                        \u003Cimg data-src=\u0022https:\/\/www.mundoarti.com\/media\/cache\/resolve\/watermark_filter\/foto-obra\/5acb746638916-APC0129.jpg\u0022\n                         alt=\u0022ACORRALADA\u0022 class=\u0022lazyload\u0022\u003E\n                    \u003C\/a\u003E\n                                                                    \n            \u003C\/div\u003E\n            \u003Cdiv class=\u0022shop__products__info\u0022\u003E\n                \u003Ch3\u003E\n                    \u003Ca title=\u0022ACORRALADA\u0022\u003EACORRALADA\u003C\/a\u003E\n                \u003C\/h3\u003E\n                \u003Cdiv class=\u0022py-1\u0022\u003EJose Miguel Romero Barco\u003C\/div\u003E\n                                    \u003Ch3 class=\u0022mt-3\u0022\u003ESeleccionados\u003C\/h3\u003E\n                                            \u003C\/div\u003E\n        \u003C\/div\u003E\n    \u003C\/div\u003E\n\n\n                                                    \n            \n                                                            \n                 \n    \n                        \n    \n    \n    \u003Cdiv class=\u0022col-lg-3 col-sm-6\u0022\u003E\n        \u003Cdiv class=\u0022shop__products__item hover__box\u0022 style=\u0022padding: 0 10px\u0022\u003E\n            \u003Cdiv class=\u0022shop__products__thumb hover__box__thumb flex align-items-center justify-content-center\u0022\u003E\n                                \u003Ca title=\u0022FLUYE\u0022 href=\u0022https:\/\/www.mundoarti.com\/media\/cache\/resolve\/watermark_filter\/foto-obra\/5ab274d80cc0f-ABX0439.jpg\u0022 class=\u0022grid-item\u0022 rel=\u0022nofollow\u0022\u003E\n                                        \u003Cimg data-src=\u0022https:\/\/www.mundoarti.com\/media\/cache\/resolve\/watermark_filter\/foto-obra\/5ab274d80cc0f-ABX0439.jpg\u0022\n                         alt=\u0022FLUYE\u0022 class=\u0022lazyload\u0022\u003E\n                    \u003C\/a\u003E\n                                                                    \n            \u003C\/div\u003E\n            \u003Cdiv class=\u0022shop__products__info\u0022\u003E\n                \u003Ch3\u003E\n                    \u003Ca title=\u0022FLUYE\u0022\u003EFLUYE\u003C\/a\u003E\n                \u003C\/h3\u003E\n                \u003Cdiv class=\u0022py-1\u0022\u003ECristina Ramos Roige\u003C\/div\u003E\n                                    \u003Ch3 class=\u0022mt-3\u0022\u003ESeleccionados\u003C\/h3\u003E\n                                            \u003C\/div\u003E\n        \u003C\/div\u003E\n    \u003C\/div\u003E\n\n\n                                                    \n            \n                                                            \n                 \n    \n                        \n    \n    \n    \u003Cdiv class=\u0022col-lg-3 col-sm-6\u0022\u003E\n        \u003Cdiv class=\u0022shop__products__item hover__box\u0022 style=\u0022padding: 0 10px\u0022\u003E\n            \u003Cdiv class=\u0022shop__products__thumb hover__box__thumb flex align-items-center justify-content-center\u0022\u003E\n                                \u003Ca title=\u0022EL TIEMPO VUELA\u0022 href=\u0022https:\/\/www.mundoarti.com\/media\/cache\/resolve\/watermark_filter\/foto-obra\/5ace45838e9ac-AKN7422.jpg\u0022 class=\u0022grid-item\u0022 rel=\u0022nofollow\u0022\u003E\n                                        \u003Cimg data-src=\u0022https:\/\/www.mundoarti.com\/media\/cache\/resolve\/watermark_filter\/foto-obra\/5ace45838e9ac-AKN7422.jpg\u0022\n                         alt=\u0022EL TIEMPO VUELA\u0022 class=\u0022lazyload\u0022\u003E\n                    \u003C\/a\u003E\n                                                                    \n            \u003C\/div\u003E\n            \u003Cdiv class=\u0022shop__products__info\u0022\u003E\n                \u003Ch3\u003E\n                    \u003Ca title=\u0022EL TIEMPO VUELA\u0022\u003EEL TIEMPO VUELA\u003C\/a\u003E\n                \u003C\/h3\u003E\n                \u003Cdiv class=\u0022py-1\u0022\u003EAntonio Ismael Redondo Garc\u00eda\u003C\/div\u003E\n                                    \u003Ch3 class=\u0022mt-3\u0022\u003ESeleccionados\u003C\/h3\u003E\n                                            \u003C\/div\u003E\n        \u003C\/div\u003E\n    \u003C\/div\u003E\n\n\n                                                    \n            \n                                                            \n                 \n    \n                        \n    \n    \n    \u003Cdiv class=\u0022col-lg-3 col-sm-6\u0022\u003E\n        \u003Cdiv class=\u0022shop__products__item hover__box\u0022 style=\u0022padding: 0 10px\u0022\u003E\n            \u003Cdiv class=\u0022shop__products__thumb hover__box__thumb flex align-items-center justify-content-center\u0022\u003E\n                                \u003Ca title=\u0022DESAFIANDO LA GRAVEDAD\u0022 href=\u0022https:\/\/www.mundoarti.com\/media\/cache\/resolve\/watermark_filter\/foto-obra\/5ace46952e312-AKN7422.jpg\u0022 class=\u0022grid-item\u0022 rel=\u0022nofollow\u0022\u003E\n                                        \u003Cimg data-src=\u0022https:\/\/www.mundoarti.com\/media\/cache\/resolve\/watermark_filter\/foto-obra\/5ace46952e312-AKN7422.jpg\u0022\n                         alt=\u0022DESAFIANDO LA GRAVEDAD\u0022 class=\u0022lazyload\u0022\u003E\n                    \u003C\/a\u003E\n                                                                    \n            \u003C\/div\u003E\n            \u003Cdiv class=\u0022shop__products__info\u0022\u003E\n                \u003Ch3\u003E\n                    \u003Ca title=\u0022DESAFIANDO LA GRAVEDAD\u0022\u003EDESAFIANDO LA GRAVEDAD\u003C\/a\u003E\n                \u003C\/h3\u003E\n                \u003Cdiv class=\u0022py-1\u0022\u003EAntonio Ismael Redondo Garc\u00eda\u003C\/div\u003E\n                                    \u003Ch3 class=\u0022mt-3\u0022\u003ESeleccionados\u003C\/h3\u003E\n                                            \u003C\/div\u003E\n        \u003C\/div\u003E\n    \u003C\/div\u003E\n\n\n                                                    \n            \n                                                            \n                 \n    \n                        \n    \n    \n    \u003Cdiv class=\u0022col-lg-3 col-sm-6\u0022\u003E\n        \u003Cdiv class=\u0022shop__products__item hover__box\u0022 style=\u0022padding: 0 10px\u0022\u003E\n            \u003Cdiv class=\u0022shop__products__thumb hover__box__thumb flex align-items-center justify-content-center\u0022\u003E\n                                \u003Ca title=\u0022ALTOS VUELOS\u0022 href=\u0022https:\/\/www.mundoarti.com\/media\/cache\/resolve\/watermark_filter\/foto-obra\/5ab79e276944b-ADD0226.jpg\u0022 class=\u0022grid-item\u0022 rel=\u0022nofollow\u0022\u003E\n                                        \u003Cimg data-src=\u0022https:\/\/www.mundoarti.com\/media\/cache\/resolve\/watermark_filter\/foto-obra\/5ab79e276944b-ADD0226.jpg\u0022\n                         alt=\u0022ALTOS VUELOS\u0022 class=\u0022lazyload\u0022\u003E\n                    \u003C\/a\u003E\n                                                                    \n            \u003C\/div\u003E\n            \u003Cdiv class=\u0022shop__products__info\u0022\u003E\n                \u003Ch3\u003E\n                    \u003Ca title=\u0022ALTOS VUELOS\u0022\u003EALTOS VUELOS\u003C\/a\u003E\n                \u003C\/h3\u003E\n                \u003Cdiv class=\u0022py-1\u0022\u003EFernando M\u00e9ndez Ramos\u003C\/div\u003E\n                                    \u003Ch3 class=\u0022mt-3\u0022\u003ESeleccionados\u003C\/h3\u003E\n                                            \u003C\/div\u003E\n        \u003C\/div\u003E\n    \u003C\/div\u003E\n\n\n                                                    \n            \n                                                            \n                 \n    \n                        \n    \n    \n    \u003Cdiv class=\u0022col-lg-3 col-sm-6\u0022\u003E\n        \u003Cdiv class=\u0022shop__products__item hover__box\u0022 style=\u0022padding: 0 10px\u0022\u003E\n            \u003Cdiv class=\u0022shop__products__thumb hover__box__thumb flex align-items-center justify-content-center\u0022\u003E\n                                \u003Ca title=\u0022ROAD TO NOWHERE\u0022 href=\u0022https:\/\/www.mundoarti.com\/media\/cache\/resolve\/watermark_filter\/foto-obra\/5a8def9298e78-ACC8696.jpg\u0022 class=\u0022grid-item\u0022 rel=\u0022nofollow\u0022\u003E\n                                        \u003Cimg data-src=\u0022https:\/\/www.mundoarti.com\/media\/cache\/resolve\/watermark_filter\/foto-obra\/5a8def9298e78-ACC8696.jpg\u0022\n                         alt=\u0022ROAD TO NOWHERE\u0022 class=\u0022lazyload\u0022\u003E\n                    \u003C\/a\u003E\n                                                                    \n            \u003C\/div\u003E\n            \u003Cdiv class=\u0022shop__products__info\u0022\u003E\n                \u003Ch3\u003E\n                    \u003Ca title=\u0022ROAD TO NOWHERE\u0022\u003EROAD TO NOWHERE\u003C\/a\u003E\n                \u003C\/h3\u003E\n                \u003Cdiv class=\u0022py-1\u0022\u003EManu Barreiro Rodr\u00edguez\u003C\/div\u003E\n                                    \u003Ch3 class=\u0022mt-3\u0022\u003ESeleccionados\u003C\/h3\u003E\n                                            \u003C\/div\u003E\n        \u003C\/div\u003E\n    \u003C\/div\u003E\n\n\n                                                    \n            \n                                                            \n                 \n    \n                        \n    \n    \n    \u003Cdiv class=\u0022col-lg-3 col-sm-6\u0022\u003E\n        \u003Cdiv class=\u0022shop__products__item hover__box\u0022 style=\u0022padding: 0 10px\u0022\u003E\n            \u003Cdiv class=\u0022shop__products__thumb hover__box__thumb flex align-items-center justify-content-center\u0022\u003E\n                                \u003Ca title=\u0022MEDICAMENTOS Y CONDUCCI\u00d3N\u0022 href=\u0022https:\/\/www.mundoarti.com\/media\/cache\/resolve\/watermark_filter\/foto-obra\/5ad8e01056727-AIP7010.jpg\u0022 class=\u0022grid-item\u0022 rel=\u0022nofollow\u0022\u003E\n                                        \u003Cimg data-src=\u0022https:\/\/www.mundoarti.com\/media\/cache\/resolve\/watermark_filter\/foto-obra\/5ad8e01056727-AIP7010.jpg\u0022\n                         alt=\u0022MEDICAMENTOS Y CONDUCCI\u00d3N\u0022 class=\u0022lazyload\u0022\u003E\n                    \u003C\/a\u003E\n                                                                    \n            \u003C\/div\u003E\n            \u003Cdiv class=\u0022shop__products__info\u0022\u003E\n                \u003Ch3\u003E\n                    \u003Ca title=\u0022MEDICAMENTOS Y CONDUCCI\u00d3N\u0022\u003EMEDICAMENTOS Y CONDUCCI\u00d3N\u003C\/a\u003E\n                \u003C\/h3\u003E\n                \u003Cdiv class=\u0022py-1\u0022\u003EFrancisco Javier Dom\u00ednguez Garc\u00eda\u003C\/div\u003E\n                                    \u003Ch3 class=\u0022mt-3\u0022\u003ESeleccionados\u003C\/h3\u003E\n                                            \u003C\/div\u003E\n        \u003C\/div\u003E\n    \u003C\/div\u003E\n\n\n                                                    \n            \n                                                            \n                 \n    \n                        \n    \n    \n    \u003Cdiv class=\u0022col-lg-3 col-sm-6\u0022\u003E\n        \u003Cdiv class=\u0022shop__products__item hover__box\u0022 style=\u0022padding: 0 10px\u0022\u003E\n            \u003Cdiv class=\u0022shop__products__thumb hover__box__thumb flex align-items-center justify-content-center\u0022\u003E\n                                \u003Ca title=\u0022CA\u00cdDA LIBRE\u0022 href=\u0022https:\/\/www.mundoarti.com\/media\/cache\/resolve\/watermark_filter\/foto-obra\/5ab3cf7fca1fa-AEE6955.jpg\u0022 class=\u0022grid-item\u0022 rel=\u0022nofollow\u0022\u003E\n                                        \u003Cimg data-src=\u0022https:\/\/www.mundoarti.com\/media\/cache\/resolve\/watermark_filter\/foto-obra\/5ab3cf7fca1fa-AEE6955.jpg\u0022\n                         alt=\u0022CA\u00cdDA LIBRE\u0022 class=\u0022lazyload\u0022\u003E\n                    \u003C\/a\u003E\n                                                                    \n            \u003C\/div\u003E\n            \u003Cdiv class=\u0022shop__products__info\u0022\u003E\n                \u003Ch3\u003E\n                    \u003Ca title=\u0022CA\u00cdDA LIBRE\u0022\u003ECA\u00cdDA LIBRE\u003C\/a\u003E\n                \u003C\/h3\u003E\n                \u003Cdiv class=\u0022py-1\u0022\u003EPatricia Pe\u00f1alva Leitzke\u003C\/div\u003E\n                                    \u003Ch3 class=\u0022mt-3\u0022\u003ESeleccionados\u003C\/h3\u003E\n                                            \u003C\/div\u003E\n        \u003C\/div\u003E\n    \u003C\/div\u003E\n\n\n                                                    \n            \n                                                            \n                 \n    \n                        \n    \n    \n    \u003Cdiv class=\u0022col-lg-3 col-sm-6\u0022\u003E\n        \u003Cdiv class=\u0022shop__products__item hover__box\u0022 style=\u0022padding: 0 10px\u0022\u003E\n            \u003Cdiv class=\u0022shop__products__thumb hover__box__thumb flex align-items-center justify-content-center\u0022\u003E\n                                \u003Ca title=\u0022LOLA CON ANGEL\u0022 href=\u0022https:\/\/www.mundoarti.com\/media\/cache\/resolve\/watermark_filter\/foto-obra\/5ad5b327cae86-AWR1180.jpg\u0022 class=\u0022grid-item\u0022 rel=\u0022nofollow\u0022\u003E\n                                        \u003Cimg data-src=\u0022https:\/\/www.mundoarti.com\/media\/cache\/resolve\/watermark_filter\/foto-obra\/5ad5b327cae86-AWR1180.jpg\u0022\n                         alt=\u0022LOLA CON ANGEL\u0022 class=\u0022lazyload\u0022\u003E\n                    \u003C\/a\u003E\n                                                                    \n            \u003C\/div\u003E\n            \u003Cdiv class=\u0022shop__products__info\u0022\u003E\n                \u003Ch3\u003E\n                    \u003Ca title=\u0022LOLA CON ANGEL\u0022\u003ELOLA CON ANGEL\u003C\/a\u003E\n                \u003C\/h3\u003E\n                \u003Cdiv class=\u0022py-1\u0022\u003EFrancisco Sen\u00f3n Rubio\u003C\/div\u003E\n                                    \u003Ch3 class=\u0022mt-3\u0022\u003ESeleccionados\u003C\/h3\u003E\n                                            \u003C\/div\u003E\n        \u003C\/div\u003E\n    \u003C\/div\u003E\n\n\n                                                    \n            \n                                                            \n                 \n    \n                        \n    \n    \n    \u003Cdiv class=\u0022col-lg-3 col-sm-6\u0022\u003E\n        \u003Cdiv class=\u0022shop__products__item hover__box\u0022 style=\u0022padding: 0 10px\u0022\u003E\n            \u003Cdiv class=\u0022shop__products__thumb hover__box__thumb flex align-items-center justify-content-center\u0022\u003E\n                                \u003Ca title=\u0022PLAT\u00c1FONO\u0022 href=\u0022https:\/\/www.mundoarti.com\/media\/cache\/resolve\/watermark_filter\/foto-obra\/5ad77281d84fe-AEU4502.jpg\u0022 class=\u0022grid-item\u0022 rel=\u0022nofollow\u0022\u003E\n                                        \u003Cimg data-src=\u0022https:\/\/www.mundoarti.com\/media\/cache\/resolve\/watermark_filter\/foto-obra\/5ad77281d84fe-AEU4502.jpg\u0022\n                         alt=\u0022PLAT\u00c1FONO\u0022 class=\u0022lazyload\u0022\u003E\n                    \u003C\/a\u003E\n                                                                    \n            \u003C\/div\u003E\n            \u003Cdiv class=\u0022shop__products__info\u0022\u003E\n                \u003Ch3\u003E\n                    \u003Ca title=\u0022PLAT\u00c1FONO\u0022\u003EPLAT\u00c1FONO\u003C\/a\u003E\n                \u003C\/h3\u003E\n                \u003Cdiv class=\u0022py-1\u0022\u003EJos\u00e9 Lu\u00eds Fern\u00e1ndez Mart\u00ednez\u003C\/div\u003E\n                                    \u003Ch3 class=\u0022mt-3\u0022\u003ESeleccionados\u003C\/h3\u003E\n                                            \u003C\/div\u003E\n        \u003C\/div\u003E\n    \u003C\/div\u003E\n\n\n                                                    \n            \n                                                            \n                 \n    \n                        \n    \n    \n    \u003Cdiv class=\u0022col-lg-3 col-sm-6\u0022\u003E\n        \u003Cdiv class=\u0022shop__products__item hover__box\u0022 style=\u0022padding: 0 10px\u0022\u003E\n            \u003Cdiv class=\u0022shop__products__thumb hover__box__thumb flex align-items-center justify-content-center\u0022\u003E\n                                \u003Ca title=\u0022DIMONIS\u0022 href=\u0022https:\/\/www.mundoarti.com\/media\/cache\/resolve\/watermark_filter\/foto-obra\/5ad5b262569c7-AWR1180.jpg\u0022 class=\u0022grid-item\u0022 rel=\u0022nofollow\u0022\u003E\n                                        \u003Cimg data-src=\u0022https:\/\/www.mundoarti.com\/media\/cache\/resolve\/watermark_filter\/foto-obra\/5ad5b262569c7-AWR1180.jpg\u0022\n                         alt=\u0022DIMONIS\u0022 class=\u0022lazyload\u0022\u003E\n                    \u003C\/a\u003E\n                                                                    \n            \u003C\/div\u003E\n            \u003Cdiv class=\u0022shop__products__info\u0022\u003E\n                \u003Ch3\u003E\n                    \u003Ca title=\u0022DIMONIS\u0022\u003EDIMONIS\u003C\/a\u003E\n                \u003C\/h3\u003E\n                \u003Cdiv class=\u0022py-1\u0022\u003EFrancisco Sen\u00f3n Rubio\u003C\/div\u003E\n                                    \u003Ch3 class=\u0022mt-3\u0022\u003ESeleccionados\u003C\/h3\u003E\n                                            \u003C\/div\u003E\n        \u003C\/div\u003E\n    \u003C\/div\u003E\n\n\n                                                    \n            \n                                                            \n                 \n    \n                        \n    \n    \n    \u003Cdiv class=\u0022col-lg-3 col-sm-6\u0022\u003E\n        \u003Cdiv class=\u0022shop__products__item hover__box\u0022 style=\u0022padding: 0 10px\u0022\u003E\n            \u003Cdiv class=\u0022shop__products__thumb hover__box__thumb flex align-items-center justify-content-center\u0022\u003E\n                                \u003Ca title=\u0022FANTASMAS\u0022 href=\u0022https:\/\/www.mundoarti.com\/media\/cache\/resolve\/watermark_filter\/foto-obra\/5ab7999b9cc0b-ADD0226.jpg\u0022 class=\u0022grid-item\u0022 rel=\u0022nofollow\u0022\u003E\n                                        \u003Cimg data-src=\u0022https:\/\/www.mundoarti.com\/media\/cache\/resolve\/watermark_filter\/foto-obra\/5ab7999b9cc0b-ADD0226.jpg\u0022\n                         alt=\u0022FANTASMAS\u0022 class=\u0022lazyload\u0022\u003E\n                    \u003C\/a\u003E\n                                                                    \n            \u003C\/div\u003E\n            \u003Cdiv class=\u0022shop__products__info\u0022\u003E\n                \u003Ch3\u003E\n                    \u003Ca title=\u0022FANTASMAS\u0022\u003EFANTASMAS\u003C\/a\u003E\n                \u003C\/h3\u003E\n                \u003Cdiv class=\u0022py-1\u0022\u003EFernando M\u00e9ndez Ramos\u003C\/div\u003E\n                                    \u003Ch3 class=\u0022mt-3\u0022\u003ESeleccionados\u003C\/h3\u003E\n                                            \u003C\/div\u003E\n        \u003C\/div\u003E\n    \u003C\/div\u003E\n\n\n                                                    \n            \n                                                            \n                 \n    \n                        \n    \n    \n    \u003Cdiv class=\u0022col-lg-3 col-sm-6\u0022\u003E\n        \u003Cdiv class=\u0022shop__products__item hover__box\u0022 style=\u0022padding: 0 10px\u0022\u003E\n            \u003Cdiv class=\u0022shop__products__thumb hover__box__thumb flex align-items-center justify-content-center\u0022\u003E\n                                \u003Ca title=\u0022ST-CREATIVA2\u0022 href=\u0022https:\/\/www.mundoarti.com\/media\/cache\/resolve\/watermark_filter\/foto-obra\/5ad1ea96a444a-AWB2878.jpg\u0022 class=\u0022grid-item\u0022 rel=\u0022nofollow\u0022\u003E\n                                        \u003Cimg data-src=\u0022https:\/\/www.mundoarti.com\/media\/cache\/resolve\/watermark_filter\/foto-obra\/5ad1ea96a444a-AWB2878.jpg\u0022\n                         alt=\u0022ST-CREATIVA2\u0022 class=\u0022lazyload\u0022\u003E\n                    \u003C\/a\u003E\n                                                                    \n            \u003C\/div\u003E\n            \u003Cdiv class=\u0022shop__products__info\u0022\u003E\n                \u003Ch3\u003E\n                    \u003Ca title=\u0022ST-CREATIVA2\u0022\u003EST-CREATIVA2\u003C\/a\u003E\n                \u003C\/h3\u003E\n                \u003Cdiv class=\u0022py-1\u0022\u003EManuel L\u00f3pez Franc\u00e9s\u003C\/div\u003E\n                                    \u003Ch3 class=\u0022mt-3\u0022\u003ESeleccionados\u003C\/h3\u003E\n                                            \u003C\/div\u003E\n        \u003C\/div\u003E\n    \u003C\/div\u003E\n\n\n                                            \u003C\/div\u003E\n                            \u003C\/div\u003E\n        \u003C\/div\u003E\n        \n    \u003Cscript src=\u0022\/assets\/frontend\/js\/plugins\/lightgallery.min.js\u0022 type=\u0022text\/javascript\u0022\u003E\u003C\/script\u003E\n    \u003Cscript src=\u0022\/assets\/frontend\/js\/plugins\/lightgalleryVimeoPlugin.min.js\u0022\n            type=\u0022text\/javascript\u0022\u003E\u003C\/script\u003E\n    \u003Cscript type=\u0022text\/javascript\u0022\u003E\n        $(\u0022.light_gallery\u0022).lightGallery({\n            selector: \u0027.grid-item\u0027\n        });\n    \u003C\/script\u003E\n"