"\n    \u003Clink media=\u0022all\u0022 rel=\u0022stylesheet\u0022 href=\u0022\/assets\/frontend\/css\/lightgallery.css\u0022\u003E\n    \u003Cmeta property=\u0022og:title\u0022 content=\u0022Ganadores del concurso XXI PREMIO DE ARTES PL\u00c1STICAS SALA EL BROCENSE\u0022\/\u003E\n    \u003Cmeta property=\u0022og:description\u0022 content=\u0022Resultados del concurso XXI PREMIO DE ARTES PL\u00c1STICAS SALA EL BROCENSE\u0022\/\u003E\n    \u003Cmeta property=\u0022og:type\u0022 content=\u0022article\u0022\/\u003E\n    \u003Cmeta property=\u0022og:url\u0022\n          content=\u0022http:\/\/mundoarti.com\/concursos\/resultados\/CYW6401\/105\/135\/\u0022\/\u003E\n\n                                                \u003Cmeta property=\u0022og:image\u0022\n                      content=\u0022http:\/\/mundoarti.com\/uploads\/foto-obra\/5bcccf8bab66b-AUV9297.jpeg\u0022\/\u003E\n                \u003Cmeta property=\u0022og:image:alt\u0022 content=\u0022\u0022\/\u003E\n                        \n\n\n\n\n    \n    \n        \u003Cdiv class=\u0022container mt-5\u0022\u003E\n            \u003Ch2 class=\u0022title align-center title-border-bottom\u0022\u003E\n                Ganadores\n            \u003C\/h2\u003E\n            \u003Cdiv class=\u0022light_gallery\u0022\u003E\n                                    \u003Cdiv class=\u0022col-12 flex flex-wrap justify-content-start\u0022\u003E\n                                                    \n            \n                                                            \n                 \n    \n                        \n    \n    \n    \u003Cdiv class=\u0022col-lg-3 col-sm-6\u0022\u003E\n        \u003Cdiv class=\u0022shop__products__item hover__box\u0022 style=\u0022padding: 0 10px\u0022\u003E\n            \u003Cdiv class=\u0022shop__products__thumb hover__box__thumb flex align-items-center justify-content-center\u0022\u003E\n                                \u003Ca title=\u0022SILK SCREEN WORM III\u0022 href=\u0022https:\/\/www.mundoarti.com\/media\/cache\/resolve\/watermark_filter\/foto-obra\/5bcccf8bab66b-AUV9297.jpeg\u0022 class=\u0022grid-item\u0022 rel=\u0022nofollow\u0022\u003E\n                                        \u003Cimg data-src=\u0022https:\/\/www.mundoarti.com\/media\/cache\/resolve\/watermark_filter\/foto-obra\/5bcccf8bab66b-AUV9297.jpeg\u0022\n                         alt=\u0022SILK SCREEN WORM III\u0022 class=\u0022lazyload\u0022\u003E\n                    \u003C\/a\u003E\n                                                                    \n            \u003C\/div\u003E\n            \u003Cdiv class=\u0022shop__products__info\u0022\u003E\n                \u003Ch3\u003E\n                    \u003Ca title=\u0022SILK SCREEN WORM III\u0022\u003ESILK SCREEN WORM III\u003C\/a\u003E\n                \u003C\/h3\u003E\n                \u003Cdiv class=\u0022py-1\u0022\u003EJuan Manuel Torrado Mart\u00ednez\u003C\/div\u003E\n                                    \u003Ch3 class=\u0022mt-3\u0022\u003EObras adquiridas (15.000\u20ac)\u003C\/h3\u003E\n                                            \u003C\/div\u003E\n        \u003C\/div\u003E\n    \u003C\/div\u003E\n\n\n                                                    \n            \n                                                            \n                 \n    \n                        \n    \n    \n    \u003Cdiv class=\u0022col-lg-3 col-sm-6\u0022\u003E\n        \u003Cdiv class=\u0022shop__products__item hover__box\u0022 style=\u0022padding: 0 10px\u0022\u003E\n            \u003Cdiv class=\u0022shop__products__thumb hover__box__thumb flex align-items-center justify-content-center\u0022\u003E\n                                \u003Ca title=\u0022SERIE PLA\u0022 href=\u0022https:\/\/www.mundoarti.com\/media\/cache\/resolve\/watermark_filter\/foto-obra\/5bf7dcd2288e5-AIL2661.jpg\u0022 class=\u0022grid-item\u0022 rel=\u0022nofollow\u0022\u003E\n                                        \u003Cimg data-src=\u0022https:\/\/www.mundoarti.com\/media\/cache\/resolve\/watermark_filter\/foto-obra\/5bf7dcd2288e5-AIL2661.jpg\u0022\n                         alt=\u0022SERIE PLA\u0022 class=\u0022lazyload\u0022\u003E\n                    \u003C\/a\u003E\n                                                                    \n            \u003C\/div\u003E\n            \u003Cdiv class=\u0022shop__products__info\u0022\u003E\n                \u003Ch3\u003E\n                    \u003Ca title=\u0022SERIE PLA\u0022\u003ESERIE PLA\u003C\/a\u003E\n                \u003C\/h3\u003E\n                \u003Cdiv class=\u0022py-1\u0022\u003EEncarna Cort\u00e9s\u003C\/div\u003E\n                                    \u003Ch3 class=\u0022mt-3\u0022\u003EObras adquiridas (15.000\u20ac)\u003C\/h3\u003E\n                                            \u003C\/div\u003E\n        \u003C\/div\u003E\n    \u003C\/div\u003E\n\n\n                                                    \n            \n                                                            \n                 \n    \n                        \n    \n    \n    \u003Cdiv class=\u0022col-lg-3 col-sm-6\u0022\u003E\n        \u003Cdiv class=\u0022shop__products__item hover__box\u0022 style=\u0022padding: 0 10px\u0022\u003E\n            \u003Cdiv class=\u0022shop__products__thumb hover__box__thumb flex align-items-center justify-content-center\u0022\u003E\n                                \u003Ca title=\u0022RGB MATTER\u0022 href=\u0022https:\/\/www.mundoarti.com\/media\/cache\/resolve\/watermark_filter\/foto-obra\/5bccc93bd1868-AFI3991.jpeg\u0022 class=\u0022grid-item\u0022 rel=\u0022nofollow\u0022\u003E\n                                        \u003Cimg data-src=\u0022https:\/\/www.mundoarti.com\/media\/cache\/resolve\/watermark_filter\/foto-obra\/5bccc93bd1868-AFI3991.jpeg\u0022\n                         alt=\u0022RGB MATTER\u0022 class=\u0022lazyload\u0022\u003E\n                    \u003C\/a\u003E\n                                                                    \n            \u003C\/div\u003E\n            \u003Cdiv class=\u0022shop__products__info\u0022\u003E\n                \u003Ch3\u003E\n                    \u003Ca title=\u0022RGB MATTER\u0022\u003ERGB MATTER\u003C\/a\u003E\n                \u003C\/h3\u003E\n                \u003Cdiv class=\u0022py-1\u0022\u003EBeatriz Castela Santano\u003C\/div\u003E\n                                    \u003Ch3 class=\u0022mt-3\u0022\u003EObras adquiridas (15.000\u20ac)\u003C\/h3\u003E\n                                            \u003C\/div\u003E\n        \u003C\/div\u003E\n    \u003C\/div\u003E\n\n\n                                                    \n            \n                                                            \n                 \n    \n                        \n    \n    \n    \u003Cdiv class=\u0022col-lg-3 col-sm-6\u0022\u003E\n        \u003Cdiv class=\u0022shop__products__item hover__box\u0022 style=\u0022padding: 0 10px\u0022\u003E\n            \u003Cdiv class=\u0022shop__products__thumb hover__box__thumb flex align-items-center justify-content-center\u0022\u003E\n                                \u003Ca title=\u0022DELIRIO\u0022 href=\u0022https:\/\/www.mundoarti.com\/media\/cache\/resolve\/watermark_filter\/foto-obra\/5c01174819f4e-AUH0361.jpg\u0022 class=\u0022grid-item\u0022 rel=\u0022nofollow\u0022\u003E\n                                        \u003Cimg data-src=\u0022https:\/\/www.mundoarti.com\/media\/cache\/resolve\/watermark_filter\/foto-obra\/5c01174819f4e-AUH0361.jpg\u0022\n                         alt=\u0022DELIRIO\u0022 class=\u0022lazyload\u0022\u003E\n                    \u003C\/a\u003E\n                                                                    \n            \u003C\/div\u003E\n            \u003Cdiv class=\u0022shop__products__info\u0022\u003E\n                \u003Ch3\u003E\n                    \u003Ca title=\u0022DELIRIO\u0022\u003EDELIRIO\u003C\/a\u003E\n                \u003C\/h3\u003E\n                \u003Cdiv class=\u0022py-1\u0022\u003EPaloma  de la Cruz\u003C\/div\u003E\n                                    \u003Ch3 class=\u0022mt-3\u0022\u003EObras adquiridas (15.000\u20ac)\u003C\/h3\u003E\n                                            \u003C\/div\u003E\n        \u003C\/div\u003E\n    \u003C\/div\u003E\n\n\n                                                    \n            \n                                                            \n                 \n    \n                        \n    \n    \n    \u003Cdiv class=\u0022col-lg-3 col-sm-6\u0022\u003E\n        \u003Cdiv class=\u0022shop__products__item hover__box\u0022 style=\u0022padding: 0 10px\u0022\u003E\n            \u003Cdiv class=\u0022shop__products__thumb hover__box__thumb flex align-items-center justify-content-center\u0022\u003E\n                                \u003Ca title=\u0022LA NATURALEZA RECLAMANDO SU LUGAR\u0022 href=\u0022https:\/\/www.mundoarti.com\/media\/cache\/resolve\/watermark_filter\/foto-obra\/5bcc64af662ed-AIR0285.jpeg\u0022 class=\u0022grid-item\u0022 rel=\u0022nofollow\u0022\u003E\n                                        \u003Cimg data-src=\u0022https:\/\/www.mundoarti.com\/media\/cache\/resolve\/watermark_filter\/foto-obra\/5bcc64af662ed-AIR0285.jpeg\u0022\n                         alt=\u0022LA NATURALEZA RECLAMANDO SU LUGAR\u0022 class=\u0022lazyload\u0022\u003E\n                    \u003C\/a\u003E\n                                                                    \n            \u003C\/div\u003E\n            \u003Cdiv class=\u0022shop__products__info\u0022\u003E\n                \u003Ch3\u003E\n                    \u003Ca title=\u0022LA NATURALEZA RECLAMANDO SU LUGAR\u0022\u003ELA NATURALEZA RECLAMANDO SU LUGAR\u003C\/a\u003E\n                \u003C\/h3\u003E\n                \u003Cdiv class=\u0022py-1\u0022\u003EDAVID LATORRE JUBERO\u003C\/div\u003E\n                                    \u003Ch3 class=\u0022mt-3\u0022\u003EObras adquiridas (15.000\u20ac)\u003C\/h3\u003E\n                                            \u003C\/div\u003E\n        \u003C\/div\u003E\n    \u003C\/div\u003E\n\n\n                                                    \n            \n                                                            \n                 \n    \n                        \n    \n    \n    \u003Cdiv class=\u0022col-lg-3 col-sm-6\u0022\u003E\n        \u003Cdiv class=\u0022shop__products__item hover__box\u0022 style=\u0022padding: 0 10px\u0022\u003E\n            \u003Cdiv class=\u0022shop__products__thumb hover__box__thumb flex align-items-center justify-content-center\u0022\u003E\n                                \u003Ca title=\u0022RE(VESTIDOS)\u0022 href=\u0022https:\/\/www.mundoarti.com\/media\/cache\/resolve\/watermark_filter\/foto-obra\/5bcc655366540-AIR0285.jpeg\u0022 class=\u0022grid-item\u0022 rel=\u0022nofollow\u0022\u003E\n                                        \u003Cimg data-src=\u0022https:\/\/www.mundoarti.com\/media\/cache\/resolve\/watermark_filter\/foto-obra\/5bcc655366540-AIR0285.jpeg\u0022\n                         alt=\u0022RE(VESTIDOS)\u0022 class=\u0022lazyload\u0022\u003E\n                    \u003C\/a\u003E\n                                                                    \n            \u003C\/div\u003E\n            \u003Cdiv class=\u0022shop__products__info\u0022\u003E\n                \u003Ch3\u003E\n                    \u003Ca title=\u0022RE(VESTIDOS)\u0022\u003ERE(VESTIDOS)\u003C\/a\u003E\n                \u003C\/h3\u003E\n                \u003Cdiv class=\u0022py-1\u0022\u003EDAVID LATORRE JUBERO\u003C\/div\u003E\n                                    \u003Ch3 class=\u0022mt-3\u0022\u003EObras adquiridas (15.000\u20ac)\u003C\/h3\u003E\n                                            \u003C\/div\u003E\n        \u003C\/div\u003E\n    \u003C\/div\u003E\n\n\n                                                    \n            \n                                                            \n                 \n    \n                        \n    \n    \n    \u003Cdiv class=\u0022col-lg-3 col-sm-6\u0022\u003E\n        \u003Cdiv class=\u0022shop__products__item hover__box\u0022 style=\u0022padding: 0 10px\u0022\u003E\n            \u003Cdiv class=\u0022shop__products__thumb hover__box__thumb flex align-items-center justify-content-center\u0022\u003E\n                                \u003Ca title=\u0022SERES QUE HABITAN MI JARD\u00cdN\u0022 href=\u0022https:\/\/www.mundoarti.com\/media\/cache\/resolve\/watermark_filter\/foto-obra\/5bc8e1eb37a4a-ANV8902.jpeg\u0022 class=\u0022grid-item\u0022 rel=\u0022nofollow\u0022\u003E\n                                        \u003Cimg data-src=\u0022https:\/\/www.mundoarti.com\/media\/cache\/resolve\/watermark_filter\/foto-obra\/5bc8e1eb37a4a-ANV8902.jpeg\u0022\n                         alt=\u0022SERES QUE HABITAN MI JARD\u00cdN\u0022 class=\u0022lazyload\u0022\u003E\n                    \u003C\/a\u003E\n                                                                    \n            \u003C\/div\u003E\n            \u003Cdiv class=\u0022shop__products__info\u0022\u003E\n                \u003Ch3\u003E\n                    \u003Ca title=\u0022SERES QUE HABITAN MI JARD\u00cdN\u0022\u003ESERES QUE HABITAN MI JARD\u00cdN\u003C\/a\u003E\n                \u003C\/h3\u003E\n                \u003Cdiv class=\u0022py-1\u0022\u003ELUISA MARIA DEL REY\u003C\/div\u003E\n                                    \u003Ch3 class=\u0022mt-3\u0022\u003EObras adquiridas (15.000\u20ac)\u003C\/h3\u003E\n                                            \u003C\/div\u003E\n        \u003C\/div\u003E\n    \u003C\/div\u003E\n\n\n                                                    \n            \n                                                            \n                 \n    \n                        \n    \n    \n    \u003Cdiv class=\u0022col-lg-3 col-sm-6\u0022\u003E\n        \u003Cdiv class=\u0022shop__products__item hover__box\u0022 style=\u0022padding: 0 10px\u0022\u003E\n            \u003Cdiv class=\u0022shop__products__thumb hover__box__thumb flex align-items-center justify-content-center\u0022\u003E\n                                \u003Ca title=\u0022MASA\u0022 href=\u0022https:\/\/www.mundoarti.com\/media\/cache\/resolve\/watermark_filter\/foto-obra\/5bcba8710825e-AZL7487.jpeg\u0022 class=\u0022grid-item\u0022 rel=\u0022nofollow\u0022\u003E\n                                        \u003Cimg data-src=\u0022https:\/\/www.mundoarti.com\/media\/cache\/resolve\/watermark_filter\/foto-obra\/5bcba8710825e-AZL7487.jpeg\u0022\n                         alt=\u0022MASA\u0022 class=\u0022lazyload\u0022\u003E\n                    \u003C\/a\u003E\n                                                                    \n            \u003C\/div\u003E\n            \u003Cdiv class=\u0022shop__products__info\u0022\u003E\n                \u003Ch3\u003E\n                    \u003Ca title=\u0022MASA\u0022\u003EMASA\u003C\/a\u003E\n                \u003C\/h3\u003E\n                \u003Cdiv class=\u0022py-1\u0022\u003EJuan Gil Segovia\u003C\/div\u003E\n                                    \u003Ch3 class=\u0022mt-3\u0022\u003EObras adquiridas (15.000\u20ac)\u003C\/h3\u003E\n                                            \u003C\/div\u003E\n        \u003C\/div\u003E\n    \u003C\/div\u003E\n\n\n                                                    \n            \n                                                            \n                 \n    \n                        \n    \n    \n    \u003Cdiv class=\u0022col-lg-3 col-sm-6\u0022\u003E\n        \u003Cdiv class=\u0022shop__products__item hover__box\u0022 style=\u0022padding: 0 10px\u0022\u003E\n            \u003Cdiv class=\u0022shop__products__thumb hover__box__thumb flex align-items-center justify-content-center\u0022\u003E\n                                \u003Ca title=\u0022ENSAYOS DE ALTERIDAD #2\u0022 href=\u0022https:\/\/www.mundoarti.com\/media\/cache\/resolve\/watermark_filter\/foto-obra\/5bccb35313a84-AWP6036.jpeg\u0022 class=\u0022grid-item\u0022 rel=\u0022nofollow\u0022\u003E\n                                        \u003Cimg data-src=\u0022https:\/\/www.mundoarti.com\/media\/cache\/resolve\/watermark_filter\/foto-obra\/5bccb35313a84-AWP6036.jpeg\u0022\n                         alt=\u0022ENSAYOS DE ALTERIDAD #2\u0022 class=\u0022lazyload\u0022\u003E\n                    \u003C\/a\u003E\n                                                                    \n            \u003C\/div\u003E\n            \u003Cdiv class=\u0022shop__products__info\u0022\u003E\n                \u003Ch3\u003E\n                    \u003Ca title=\u0022ENSAYOS DE ALTERIDAD #2\u0022\u003EENSAYOS DE ALTERIDAD #2\u003C\/a\u003E\n                \u003C\/h3\u003E\n                \u003Cdiv class=\u0022py-1\u0022\u003EJORGE GIL\u003C\/div\u003E\n                                    \u003Ch3 class=\u0022mt-3\u0022\u003EObras adquiridas (15.000\u20ac)\u003C\/h3\u003E\n                                            \u003C\/div\u003E\n        \u003C\/div\u003E\n    \u003C\/div\u003E\n\n\n                                                    \n            \n                                                            \n                 \n    \n                        \n    \n    \n    \u003Cdiv class=\u0022col-lg-3 col-sm-6\u0022\u003E\n        \u003Cdiv class=\u0022shop__products__item hover__box\u0022 style=\u0022padding: 0 10px\u0022\u003E\n            \u003Cdiv class=\u0022shop__products__thumb hover__box__thumb flex align-items-center justify-content-center\u0022\u003E\n                                \u003Ca title=\u0022BRANCH\u0022 href=\u0022https:\/\/www.mundoarti.com\/media\/cache\/resolve\/watermark_filter\/foto-obra\/5bf7d642de114-ACM2418.jpg\u0022 class=\u0022grid-item\u0022 rel=\u0022nofollow\u0022\u003E\n                                        \u003Cimg data-src=\u0022https:\/\/www.mundoarti.com\/media\/cache\/resolve\/watermark_filter\/foto-obra\/5bf7d642de114-ACM2418.jpg\u0022\n                         alt=\u0022BRANCH\u0022 class=\u0022lazyload\u0022\u003E\n                    \u003C\/a\u003E\n                                                                    \n            \u003C\/div\u003E\n            \u003Cdiv class=\u0022shop__products__info\u0022\u003E\n                \u003Ch3\u003E\n                    \u003Ca title=\u0022BRANCH\u0022\u003EBRANCH\u003C\/a\u003E\n                \u003C\/h3\u003E\n                \u003Cdiv class=\u0022py-1\u0022\u003EMarcos Polo\u003C\/div\u003E\n                                    \u003Ch3 class=\u0022mt-3\u0022\u003EObras adquiridas (15.000\u20ac)\u003C\/h3\u003E\n                                            \u003C\/div\u003E\n        \u003C\/div\u003E\n    \u003C\/div\u003E\n\n\n                                                    \n            \n                                                            \n                 \n    \n                        \n    \n    \n    \u003Cdiv class=\u0022col-lg-3 col-sm-6\u0022\u003E\n        \u003Cdiv class=\u0022shop__products__item hover__box\u0022 style=\u0022padding: 0 10px\u0022\u003E\n            \u003Cdiv class=\u0022shop__products__thumb hover__box__thumb flex align-items-center justify-content-center\u0022\u003E\n                                \u003Ca title=\u0022GREENWASHING\u0022 href=\u0022https:\/\/www.mundoarti.com\/media\/cache\/resolve\/watermark_filter\/foto-obra\/5bcef8dd09d3f-ACH3615.jpeg\u0022 class=\u0022grid-item\u0022 rel=\u0022nofollow\u0022\u003E\n                                        \u003Cimg data-src=\u0022https:\/\/www.mundoarti.com\/media\/cache\/resolve\/watermark_filter\/foto-obra\/5bcef8dd09d3f-ACH3615.jpeg\u0022\n                         alt=\u0022GREENWASHING\u0022 class=\u0022lazyload\u0022\u003E\n                    \u003C\/a\u003E\n                                                                    \n            \u003C\/div\u003E\n            \u003Cdiv class=\u0022shop__products__info\u0022\u003E\n                \u003Ch3\u003E\n                    \u003Ca title=\u0022GREENWASHING\u0022\u003EGREENWASHING\u003C\/a\u003E\n                \u003C\/h3\u003E\n                \u003Cdiv class=\u0022py-1\u0022\u003EVicente S\u00e1ez Casta\u00f1o\u003C\/div\u003E\n                                    \u003Ch3 class=\u0022mt-3\u0022\u003EObras adquiridas (15.000\u20ac)\u003C\/h3\u003E\n                                            \u003C\/div\u003E\n        \u003C\/div\u003E\n    \u003C\/div\u003E\n\n\n                                                    \n            \n                                                            \n                 \n    \n                        \n    \n    \n    \u003Cdiv class=\u0022col-lg-3 col-sm-6\u0022\u003E\n        \u003Cdiv class=\u0022shop__products__item hover__box\u0022 style=\u0022padding: 0 10px\u0022\u003E\n            \u003Cdiv class=\u0022shop__products__thumb hover__box__thumb flex align-items-center justify-content-center\u0022\u003E\n                                \u003Ca title=\u0022SPANKED VENUS\u0022 href=\u0022https:\/\/www.mundoarti.com\/media\/cache\/resolve\/watermark_filter\/foto-obra\/5bf7d6f7a7802-ASC0862.jpg\u0022 class=\u0022grid-item\u0022 rel=\u0022nofollow\u0022\u003E\n                                        \u003Cimg data-src=\u0022https:\/\/www.mundoarti.com\/media\/cache\/resolve\/watermark_filter\/foto-obra\/5bf7d6f7a7802-ASC0862.jpg\u0022\n                         alt=\u0022SPANKED VENUS\u0022 class=\u0022lazyload\u0022\u003E\n                    \u003C\/a\u003E\n                                                                    \n            \u003C\/div\u003E\n            \u003Cdiv class=\u0022shop__products__info\u0022\u003E\n                \u003Ch3\u003E\n                    \u003Ca title=\u0022SPANKED VENUS\u0022\u003ESPANKED VENUS\u003C\/a\u003E\n                \u003C\/h3\u003E\n                \u003Cdiv class=\u0022py-1\u0022\u003EDavid Trullo\u003C\/div\u003E\n                                    \u003Ch3 class=\u0022mt-3\u0022\u003EObras seleccionadas\u003C\/h3\u003E\n                                            \u003C\/div\u003E\n        \u003C\/div\u003E\n    \u003C\/div\u003E\n\n\n                                                    \n            \n                                                            \n                 \n    \n                        \n    \n    \n    \u003Cdiv class=\u0022col-lg-3 col-sm-6\u0022\u003E\n        \u003Cdiv class=\u0022shop__products__item hover__box\u0022 style=\u0022padding: 0 10px\u0022\u003E\n            \u003Cdiv class=\u0022shop__products__thumb hover__box__thumb flex align-items-center justify-content-center\u0022\u003E\n                                \u003Ca title=\u0022PLATZ\u0022 href=\u0022https:\/\/www.mundoarti.com\/media\/cache\/resolve\/watermark_filter\/foto-obra\/5bcb65964ccf9-AUV2070.jpeg\u0022 class=\u0022grid-item\u0022 rel=\u0022nofollow\u0022\u003E\n                                        \u003Cimg data-src=\u0022https:\/\/www.mundoarti.com\/media\/cache\/resolve\/watermark_filter\/foto-obra\/5bcb65964ccf9-AUV2070.jpeg\u0022\n                         alt=\u0022PLATZ\u0022 class=\u0022lazyload\u0022\u003E\n                    \u003C\/a\u003E\n                                                                    \n            \u003C\/div\u003E\n            \u003Cdiv class=\u0022shop__products__info\u0022\u003E\n                \u003Ch3\u003E\n                    \u003Ca title=\u0022PLATZ\u0022\u003EPLATZ\u003C\/a\u003E\n                \u003C\/h3\u003E\n                \u003Cdiv class=\u0022py-1\u0022\u003ETete Alejandre\u003C\/div\u003E\n                                    \u003Ch3 class=\u0022mt-3\u0022\u003EObras seleccionadas\u003C\/h3\u003E\n                                            \u003C\/div\u003E\n        \u003C\/div\u003E\n    \u003C\/div\u003E\n\n\n                                                    \n            \n                                                            \n                 \n    \n                        \n    \n    \n    \u003Cdiv class=\u0022col-lg-3 col-sm-6\u0022\u003E\n        \u003Cdiv class=\u0022shop__products__item hover__box\u0022 style=\u0022padding: 0 10px\u0022\u003E\n            \u003Cdiv class=\u0022shop__products__thumb hover__box__thumb flex align-items-center justify-content-center\u0022\u003E\n                                \u003Ca title=\u0022OPTICAL VEIL #1\u0022 href=\u0022https:\/\/www.mundoarti.com\/media\/cache\/resolve\/watermark_filter\/foto-obra\/5bccc7dece4dc-AFI3991.jpeg\u0022 class=\u0022grid-item\u0022 rel=\u0022nofollow\u0022\u003E\n                                        \u003Cimg data-src=\u0022https:\/\/www.mundoarti.com\/media\/cache\/resolve\/watermark_filter\/foto-obra\/5bccc7dece4dc-AFI3991.jpeg\u0022\n                         alt=\u0022OPTICAL VEIL #1\u0022 class=\u0022lazyload\u0022\u003E\n                    \u003C\/a\u003E\n                                                                    \n            \u003C\/div\u003E\n            \u003Cdiv class=\u0022shop__products__info\u0022\u003E\n                \u003Ch3\u003E\n                    \u003Ca title=\u0022OPTICAL VEIL #1\u0022\u003EOPTICAL VEIL #1\u003C\/a\u003E\n                \u003C\/h3\u003E\n                \u003Cdiv class=\u0022py-1\u0022\u003EBeatriz Castela Santano\u003C\/div\u003E\n                                    \u003Ch3 class=\u0022mt-3\u0022\u003EObras seleccionadas\u003C\/h3\u003E\n                                            \u003C\/div\u003E\n        \u003C\/div\u003E\n    \u003C\/div\u003E\n\n\n                                                    \n            \n                                                            \n                 \n    \n                        \n    \n    \n    \u003Cdiv class=\u0022col-lg-3 col-sm-6\u0022\u003E\n        \u003Cdiv class=\u0022shop__products__item hover__box\u0022 style=\u0022padding: 0 10px\u0022\u003E\n            \u003Cdiv class=\u0022shop__products__thumb hover__box__thumb flex align-items-center justify-content-center\u0022\u003E\n                                \u003Ca title=\u0022ST (\u21b7, \u21b6, \u21ba) \u0022 href=\u0022https:\/\/www.mundoarti.com\/media\/cache\/resolve\/watermark_filter\/foto-obra\/5bf7d804dcd50-ADQ1522.jpg\u0022 class=\u0022grid-item\u0022 rel=\u0022nofollow\u0022\u003E\n                                        \u003Cimg data-src=\u0022https:\/\/www.mundoarti.com\/media\/cache\/resolve\/watermark_filter\/foto-obra\/5bf7d804dcd50-ADQ1522.jpg\u0022\n                         alt=\u0022ST (\u21b7, \u21b6, \u21ba) \u0022 class=\u0022lazyload\u0022\u003E\n                    \u003C\/a\u003E\n                                                                    \n            \u003C\/div\u003E\n            \u003Cdiv class=\u0022shop__products__info\u0022\u003E\n                \u003Ch3\u003E\n                    \u003Ca title=\u0022ST (\u21b7, \u21b6, \u21ba) \u0022\u003EST (\u21b7, \u21b6, \u21ba) \u003C\/a\u003E\n                \u003C\/h3\u003E\n                \u003Cdiv class=\u0022py-1\u0022\u003EJavier Rodr\u00edguez Lozano\u003C\/div\u003E\n                                    \u003Ch3 class=\u0022mt-3\u0022\u003EObras seleccionadas\u003C\/h3\u003E\n                                            \u003C\/div\u003E\n        \u003C\/div\u003E\n    \u003C\/div\u003E\n\n\n                                                    \n            \n                                                            \n                 \n    \n                        \n    \n    \n    \u003Cdiv class=\u0022col-lg-3 col-sm-6\u0022\u003E\n        \u003Cdiv class=\u0022shop__products__item hover__box\u0022 style=\u0022padding: 0 10px\u0022\u003E\n            \u003Cdiv class=\u0022shop__products__thumb hover__box__thumb flex align-items-center justify-content-center\u0022\u003E\n                                \u003Ca title=\u0022PANCOLONO DE YELBES\u0022 href=\u0022https:\/\/www.mundoarti.com\/media\/cache\/resolve\/watermark_filter\/foto-obra\/5bc89d5f906d6-ATR2453.jpeg\u0022 class=\u0022grid-item\u0022 rel=\u0022nofollow\u0022\u003E\n                                        \u003Cimg data-src=\u0022https:\/\/www.mundoarti.com\/media\/cache\/resolve\/watermark_filter\/foto-obra\/5bc89d5f906d6-ATR2453.jpeg\u0022\n                         alt=\u0022PANCOLONO DE YELBES\u0022 class=\u0022lazyload\u0022\u003E\n                    \u003C\/a\u003E\n                                                                    \n            \u003C\/div\u003E\n            \u003Cdiv class=\u0022shop__products__info\u0022\u003E\n                \u003Ch3\u003E\n                    \u003Ca title=\u0022PANCOLONO DE YELBES\u0022\u003EPANCOLONO DE YELBES\u003C\/a\u003E\n                \u003C\/h3\u003E\n                \u003Cdiv class=\u0022py-1\u0022\u003EJesus Guisado Rodrigo\u003C\/div\u003E\n                                    \u003Ch3 class=\u0022mt-3\u0022\u003EObras seleccionadas\u003C\/h3\u003E\n                                            \u003C\/div\u003E\n        \u003C\/div\u003E\n    \u003C\/div\u003E\n\n\n                                                    \n            \n                                                            \n                 \n    \n                        \n    \n    \n    \u003Cdiv class=\u0022col-lg-3 col-sm-6\u0022\u003E\n        \u003Cdiv class=\u0022shop__products__item hover__box\u0022 style=\u0022padding: 0 10px\u0022\u003E\n            \u003Cdiv class=\u0022shop__products__thumb hover__box__thumb flex align-items-center justify-content-center\u0022\u003E\n                                \u003Ca title=\u0022ORLA N\u00ba3, SE\u00d1ORES IMPORTANTES\u0022 href=\u0022https:\/\/www.mundoarti.com\/media\/cache\/resolve\/watermark_filter\/foto-obra\/5bccbaba79bc1-AVD9910.jpg\u0022 class=\u0022grid-item\u0022 rel=\u0022nofollow\u0022\u003E\n                                        \u003Cimg data-src=\u0022https:\/\/www.mundoarti.com\/media\/cache\/resolve\/watermark_filter\/foto-obra\/5bccbaba79bc1-AVD9910.jpg\u0022\n                         alt=\u0022ORLA N\u00ba3, SE\u00d1ORES IMPORTANTES\u0022 class=\u0022lazyload\u0022\u003E\n                    \u003C\/a\u003E\n                                                                    \n            \u003C\/div\u003E\n            \u003Cdiv class=\u0022shop__products__info\u0022\u003E\n                \u003Ch3\u003E\n                    \u003Ca title=\u0022ORLA N\u00ba3, SE\u00d1ORES IMPORTANTES\u0022\u003EORLA N\u00ba3, SE\u00d1ORES IMPORTANTES\u003C\/a\u003E\n                \u003C\/h3\u003E\n                \u003Cdiv class=\u0022py-1\u0022\u003ENatasha Lelenco\u003C\/div\u003E\n                                    \u003Ch3 class=\u0022mt-3\u0022\u003EObras seleccionadas\u003C\/h3\u003E\n                                            \u003C\/div\u003E\n        \u003C\/div\u003E\n    \u003C\/div\u003E\n\n\n                                                    \n            \n                                                            \n                 \n    \n                        \n    \n    \n    \u003Cdiv class=\u0022col-lg-3 col-sm-6\u0022\u003E\n        \u003Cdiv class=\u0022shop__products__item hover__box\u0022 style=\u0022padding: 0 10px\u0022\u003E\n            \u003Cdiv class=\u0022shop__products__thumb hover__box__thumb flex align-items-center justify-content-center\u0022\u003E\n                                \u003Ca title=\u0022\u0026quot;ENTRE AZUL Y CARMIN\u0026quot;\u0022 href=\u0022https:\/\/www.mundoarti.com\/media\/cache\/resolve\/watermark_filter\/foto-obra\/5bccaeb864f9b-AUA2564.jpeg\u0022 class=\u0022grid-item\u0022 rel=\u0022nofollow\u0022\u003E\n                                        \u003Cimg data-src=\u0022https:\/\/www.mundoarti.com\/media\/cache\/resolve\/watermark_filter\/foto-obra\/5bccaeb864f9b-AUA2564.jpeg\u0022\n                         alt=\u0022\u0026quot;ENTRE AZUL Y CARMIN\u0026quot;\u0022 class=\u0022lazyload\u0022\u003E\n                    \u003C\/a\u003E\n                                                                    \n            \u003C\/div\u003E\n            \u003Cdiv class=\u0022shop__products__info\u0022\u003E\n                \u003Ch3\u003E\n                    \u003Ca title=\u0022\u0026quot;ENTRE AZUL Y CARMIN\u0026quot;\u0022\u003E\u0026quot;ENTRE AZUL Y CARMIN\u0026quot;\u003C\/a\u003E\n                \u003C\/h3\u003E\n                \u003Cdiv class=\u0022py-1\u0022\u003EGen\u00edn Andrada\u003C\/div\u003E\n                                    \u003Ch3 class=\u0022mt-3\u0022\u003EObras seleccionadas\u003C\/h3\u003E\n                                            \u003C\/div\u003E\n        \u003C\/div\u003E\n    \u003C\/div\u003E\n\n\n                                                    \n            \n                                                            \n                 \n    \n                        \n    \n    \n    \u003Cdiv class=\u0022col-lg-3 col-sm-6\u0022\u003E\n        \u003Cdiv class=\u0022shop__products__item hover__box\u0022 style=\u0022padding: 0 10px\u0022\u003E\n            \u003Cdiv class=\u0022shop__products__thumb hover__box__thumb flex align-items-center justify-content-center\u0022\u003E\n                                \u003Ca title=\u0022SILK SCREEN WORM I\u0022 href=\u0022https:\/\/www.mundoarti.com\/media\/cache\/resolve\/watermark_filter\/foto-obra\/5bcccfc5ed23f-AUV9297.jpeg\u0022 class=\u0022grid-item\u0022 rel=\u0022nofollow\u0022\u003E\n                                        \u003Cimg data-src=\u0022https:\/\/www.mundoarti.com\/media\/cache\/resolve\/watermark_filter\/foto-obra\/5bcccfc5ed23f-AUV9297.jpeg\u0022\n                         alt=\u0022SILK SCREEN WORM I\u0022 class=\u0022lazyload\u0022\u003E\n                    \u003C\/a\u003E\n                                                                    \n            \u003C\/div\u003E\n            \u003Cdiv class=\u0022shop__products__info\u0022\u003E\n                \u003Ch3\u003E\n                    \u003Ca title=\u0022SILK SCREEN WORM I\u0022\u003ESILK SCREEN WORM I\u003C\/a\u003E\n                \u003C\/h3\u003E\n                \u003Cdiv class=\u0022py-1\u0022\u003EJuan Manuel Torrado Mart\u00ednez\u003C\/div\u003E\n                                    \u003Ch3 class=\u0022mt-3\u0022\u003EObras seleccionadas\u003C\/h3\u003E\n                                            \u003C\/div\u003E\n        \u003C\/div\u003E\n    \u003C\/div\u003E\n\n\n                                                    \n            \n                                                            \n                 \n    \n                        \n    \n    \n    \u003Cdiv class=\u0022col-lg-3 col-sm-6\u0022\u003E\n        \u003Cdiv class=\u0022shop__products__item hover__box\u0022 style=\u0022padding: 0 10px\u0022\u003E\n            \u003Cdiv class=\u0022shop__products__thumb hover__box__thumb flex align-items-center justify-content-center\u0022\u003E\n                                \u003Ca title=\u0022QU\u00c9 ES LA LEJAN\u00cdA SINO EL ALCANCE DE LA IMAGINACI\u00d3N\u0022 href=\u0022https:\/\/www.mundoarti.com\/media\/cache\/resolve\/watermark_filter\/foto-obra\/5bf7d8dec133b-AJI2475.jpg\u0022 class=\u0022grid-item\u0022 rel=\u0022nofollow\u0022\u003E\n                                        \u003Cimg data-src=\u0022https:\/\/www.mundoarti.com\/media\/cache\/resolve\/watermark_filter\/foto-obra\/5bf7d8dec133b-AJI2475.jpg\u0022\n                         alt=\u0022QU\u00c9 ES LA LEJAN\u00cdA SINO EL ALCANCE DE LA IMAGINACI\u00d3N\u0022 class=\u0022lazyload\u0022\u003E\n                    \u003C\/a\u003E\n                                                                    \n            \u003C\/div\u003E\n            \u003Cdiv class=\u0022shop__products__info\u0022\u003E\n                \u003Ch3\u003E\n                    \u003Ca title=\u0022QU\u00c9 ES LA LEJAN\u00cdA SINO EL ALCANCE DE LA IMAGINACI\u00d3N\u0022\u003EQU\u00c9 ES LA LEJAN\u00cdA SINO EL ALCANCE DE LA IMAGINACI\u00d3N\u003C\/a\u003E\n                \u003C\/h3\u003E\n                \u003Cdiv class=\u0022py-1\u0022\u003EMiguel G\u00f3mez Losada\u003C\/div\u003E\n                                    \u003Ch3 class=\u0022mt-3\u0022\u003EObras seleccionadas\u003C\/h3\u003E\n                                            \u003C\/div\u003E\n        \u003C\/div\u003E\n    \u003C\/div\u003E\n\n\n                                                    \n            \n                                                            \n                 \n    \n                        \n    \n    \n    \u003Cdiv class=\u0022col-lg-3 col-sm-6\u0022\u003E\n        \u003Cdiv class=\u0022shop__products__item hover__box\u0022 style=\u0022padding: 0 10px\u0022\u003E\n            \u003Cdiv class=\u0022shop__products__thumb hover__box__thumb flex align-items-center justify-content-center\u0022\u003E\n                                \u003Ca title=\u0022CL\u00c1SICOS\u0022 href=\u0022https:\/\/www.mundoarti.com\/media\/cache\/resolve\/watermark_filter\/foto-obra\/5bc731cb634b0-AYL4308.jpeg\u0022 class=\u0022grid-item\u0022 rel=\u0022nofollow\u0022\u003E\n                                        \u003Cimg data-src=\u0022https:\/\/www.mundoarti.com\/media\/cache\/resolve\/watermark_filter\/foto-obra\/5bc731cb634b0-AYL4308.jpeg\u0022\n                         alt=\u0022CL\u00c1SICOS\u0022 class=\u0022lazyload\u0022\u003E\n                    \u003C\/a\u003E\n                                                                    \n            \u003C\/div\u003E\n            \u003Cdiv class=\u0022shop__products__info\u0022\u003E\n                \u003Ch3\u003E\n                    \u003Ca title=\u0022CL\u00c1SICOS\u0022\u003ECL\u00c1SICOS\u003C\/a\u003E\n                \u003C\/h3\u003E\n                \u003Cdiv class=\u0022py-1\u0022\u003EVirginia Rivas\u003C\/div\u003E\n                                    \u003Ch3 class=\u0022mt-3\u0022\u003EObras seleccionadas\u003C\/h3\u003E\n                                            \u003C\/div\u003E\n        \u003C\/div\u003E\n    \u003C\/div\u003E\n\n\n                                                    \n            \n                                                            \n                 \n    \n                        \n    \n    \n    \u003Cdiv class=\u0022col-lg-3 col-sm-6\u0022\u003E\n        \u003Cdiv class=\u0022shop__products__item hover__box\u0022 style=\u0022padding: 0 10px\u0022\u003E\n            \u003Cdiv class=\u0022shop__products__thumb hover__box__thumb flex align-items-center justify-content-center\u0022\u003E\n                                \u003Ca title=\u0022C\u00d3MIC 2\u0022 href=\u0022https:\/\/www.mundoarti.com\/media\/cache\/resolve\/watermark_filter\/foto-obra\/5bc37e37355ae-ACB4225.jpeg\u0022 class=\u0022grid-item\u0022 rel=\u0022nofollow\u0022\u003E\n                                        \u003Cimg data-src=\u0022https:\/\/www.mundoarti.com\/media\/cache\/resolve\/watermark_filter\/foto-obra\/5bc37e37355ae-ACB4225.jpeg\u0022\n                         alt=\u0022C\u00d3MIC 2\u0022 class=\u0022lazyload\u0022\u003E\n                    \u003C\/a\u003E\n                                                                    \n            \u003C\/div\u003E\n            \u003Cdiv class=\u0022shop__products__info\u0022\u003E\n                \u003Ch3\u003E\n                    \u003Ca title=\u0022C\u00d3MIC 2\u0022\u003EC\u00d3MIC 2\u003C\/a\u003E\n                \u003C\/h3\u003E\n                \u003Cdiv class=\u0022py-1\u0022\u003ERoberto Carbajal Mass\u00f3\u003C\/div\u003E\n                                    \u003Ch3 class=\u0022mt-3\u0022\u003EObras seleccionadas\u003C\/h3\u003E\n                                            \u003C\/div\u003E\n        \u003C\/div\u003E\n    \u003C\/div\u003E\n\n\n                                                    \n            \n                                                            \n                 \n    \n                        \n    \n    \n    \u003Cdiv class=\u0022col-lg-3 col-sm-6\u0022\u003E\n        \u003Cdiv class=\u0022shop__products__item hover__box\u0022 style=\u0022padding: 0 10px\u0022\u003E\n            \u003Cdiv class=\u0022shop__products__thumb hover__box__thumb flex align-items-center justify-content-center\u0022\u003E\n                                \u003Ca title=\u0022SAN PEDRO Y EJECUTIVA\u0022 href=\u0022https:\/\/www.mundoarti.com\/media\/cache\/resolve\/watermark_filter\/foto-obra\/5bc75aec35a98-AJL3471.jpeg\u0022 class=\u0022grid-item\u0022 rel=\u0022nofollow\u0022\u003E\n                                        \u003Cimg data-src=\u0022https:\/\/www.mundoarti.com\/media\/cache\/resolve\/watermark_filter\/foto-obra\/5bc75aec35a98-AJL3471.jpeg\u0022\n                         alt=\u0022SAN PEDRO Y EJECUTIVA\u0022 class=\u0022lazyload\u0022\u003E\n                    \u003C\/a\u003E\n                                                                    \n            \u003C\/div\u003E\n            \u003Cdiv class=\u0022shop__products__info\u0022\u003E\n                \u003Ch3\u003E\n                    \u003Ca title=\u0022SAN PEDRO Y EJECUTIVA\u0022\u003ESAN PEDRO Y EJECUTIVA\u003C\/a\u003E\n                \u003C\/h3\u003E\n                \u003Cdiv class=\u0022py-1\u0022\u003EJUAN GILA BORAITA\u003C\/div\u003E\n                                    \u003Ch3 class=\u0022mt-3\u0022\u003EObras seleccionadas\u003C\/h3\u003E\n                                            \u003C\/div\u003E\n        \u003C\/div\u003E\n    \u003C\/div\u003E\n\n\n                                                    \n            \n                                                            \n                 \n    \n                        \n    \n    \n    \u003Cdiv class=\u0022col-lg-3 col-sm-6\u0022\u003E\n        \u003Cdiv class=\u0022shop__products__item hover__box\u0022 style=\u0022padding: 0 10px\u0022\u003E\n            \u003Cdiv class=\u0022shop__products__thumb hover__box__thumb flex align-items-center justify-content-center\u0022\u003E\n                                \u003Ca title=\u0022HORIZONTES, 04\u0022 href=\u0022https:\/\/www.mundoarti.com\/media\/cache\/resolve\/watermark_filter\/foto-obra\/5bc6dcb89457a-AEZ2124.jpeg\u0022 class=\u0022grid-item\u0022 rel=\u0022nofollow\u0022\u003E\n                                        \u003Cimg data-src=\u0022https:\/\/www.mundoarti.com\/media\/cache\/resolve\/watermark_filter\/foto-obra\/5bc6dcb89457a-AEZ2124.jpeg\u0022\n                         alt=\u0022HORIZONTES, 04\u0022 class=\u0022lazyload\u0022\u003E\n                    \u003C\/a\u003E\n                                                                    \n            \u003C\/div\u003E\n            \u003Cdiv class=\u0022shop__products__info\u0022\u003E\n                \u003Ch3\u003E\n                    \u003Ca title=\u0022HORIZONTES, 04\u0022\u003EHORIZONTES, 04\u003C\/a\u003E\n                \u003C\/h3\u003E\n                \u003Cdiv class=\u0022py-1\u0022\u003EDavid Rodr\u00edguez Casas\u003C\/div\u003E\n                                    \u003Ch3 class=\u0022mt-3\u0022\u003EObras seleccionadas\u003C\/h3\u003E\n                                            \u003C\/div\u003E\n        \u003C\/div\u003E\n    \u003C\/div\u003E\n\n\n                                                    \n            \n                                                            \n                 \n    \n                        \n    \n    \n    \u003Cdiv class=\u0022col-lg-3 col-sm-6\u0022\u003E\n        \u003Cdiv class=\u0022shop__products__item hover__box\u0022 style=\u0022padding: 0 10px\u0022\u003E\n            \u003Cdiv class=\u0022shop__products__thumb hover__box__thumb flex align-items-center justify-content-center\u0022\u003E\n                                \u003Ca title=\u0022TIR\u00d3 UNA C\u00c1SCARA DE NARANJA A LA BASURA\u0022 href=\u0022https:\/\/www.mundoarti.com\/media\/cache\/resolve\/watermark_filter\/foto-obra\/5bccde889f887-AHA0699.jpeg\u0022 class=\u0022grid-item\u0022 rel=\u0022nofollow\u0022\u003E\n                                        \u003Cimg data-src=\u0022https:\/\/www.mundoarti.com\/media\/cache\/resolve\/watermark_filter\/foto-obra\/5bccde889f887-AHA0699.jpeg\u0022\n                         alt=\u0022TIR\u00d3 UNA C\u00c1SCARA DE NARANJA A LA BASURA\u0022 class=\u0022lazyload\u0022\u003E\n                    \u003C\/a\u003E\n                                                                    \n            \u003C\/div\u003E\n            \u003Cdiv class=\u0022shop__products__info\u0022\u003E\n                \u003Ch3\u003E\n                    \u003Ca title=\u0022TIR\u00d3 UNA C\u00c1SCARA DE NARANJA A LA BASURA\u0022\u003ETIR\u00d3 UNA C\u00c1SCARA DE NARANJA A LA BASURA\u003C\/a\u003E\n                \u003C\/h3\u003E\n                \u003Cdiv class=\u0022py-1\u0022\u003EMATILDE GRANADO BELVIS\u003C\/div\u003E\n                                    \u003Ch3 class=\u0022mt-3\u0022\u003EObras seleccionadas\u003C\/h3\u003E\n                                            \u003C\/div\u003E\n        \u003C\/div\u003E\n    \u003C\/div\u003E\n\n\n                                                    \n            \n                                                            \n                 \n    \n                        \n    \n    \n    \u003Cdiv class=\u0022col-lg-3 col-sm-6\u0022\u003E\n        \u003Cdiv class=\u0022shop__products__item hover__box\u0022 style=\u0022padding: 0 10px\u0022\u003E\n            \u003Cdiv class=\u0022shop__products__thumb hover__box__thumb flex align-items-center justify-content-center\u0022\u003E\n                                \u003Ca title=\u0022T\u00cdTULO: .B\u00c1LSAMO. GAVILLA DE FLECHAS. A\u00d1O DE REALIZACI\u00d3N: 2018. T\u00c9CNICA: PLOMO, VENCEJO DE ESPARTO, RESINA Y ACR\u00cdLICO. (SE CUELGA EN LA PARED). MEDIDA: 110 X 150 X 17 CM.\u0022 href=\u0022https:\/\/www.mundoarti.com\/media\/cache\/resolve\/watermark_filter\/foto-obra\/5bca23d27f26b-AYR8240.jpeg\u0022 class=\u0022grid-item\u0022 rel=\u0022nofollow\u0022\u003E\n                                        \u003Cimg data-src=\u0022https:\/\/www.mundoarti.com\/media\/cache\/resolve\/watermark_filter\/foto-obra\/5bca23d27f26b-AYR8240.jpeg\u0022\n                         alt=\u0022T\u00cdTULO: .B\u00c1LSAMO. GAVILLA DE FLECHAS. A\u00d1O DE REALIZACI\u00d3N: 2018. T\u00c9CNICA: PLOMO, VENCEJO DE ESPARTO, RESINA Y ACR\u00cdLICO. (SE CUELGA EN LA PARED). MEDIDA: 110 X 150 X 17 CM.\u0022 class=\u0022lazyload\u0022\u003E\n                    \u003C\/a\u003E\n                                                                    \n            \u003C\/div\u003E\n            \u003Cdiv class=\u0022shop__products__info\u0022\u003E\n                \u003Ch3\u003E\n                    \u003Ca title=\u0022T\u00cdTULO: .B\u00c1LSAMO. GAVILLA DE FLECHAS. A\u00d1O DE REALIZACI\u00d3N: 2018. T\u00c9CNICA: PLOMO, VENCEJO DE ESPARTO, RESINA Y ACR\u00cdLICO. (SE CUELGA EN LA PARED). MEDIDA: 110 X 150 X 17 CM.\u0022\u003ET\u00cdTULO: .B\u00c1LSAMO. GAVILLA DE FLECHAS. A\u00d1O DE REALIZACI\u00d3N: 2018. T\u00c9CNICA: PLOMO, VENCEJO DE ESPARTO, RESINA Y ACR\u00cdLICO. (SE CUELGA EN LA PARED). MEDIDA: 110 X 150 X 17 CM.\u003C\/a\u003E\n                \u003C\/h3\u003E\n                \u003Cdiv class=\u0022py-1\u0022\u003ECRISTOBAL HERNANDEZ BARBERO\u003C\/div\u003E\n                                    \u003Ch3 class=\u0022mt-3\u0022\u003EObras seleccionadas\u003C\/h3\u003E\n                                            \u003C\/div\u003E\n        \u003C\/div\u003E\n    \u003C\/div\u003E\n\n\n                                                    \n            \n                                                            \n                 \n    \n                        \n    \n    \n    \u003Cdiv class=\u0022col-lg-3 col-sm-6\u0022\u003E\n        \u003Cdiv class=\u0022shop__products__item hover__box\u0022 style=\u0022padding: 0 10px\u0022\u003E\n            \u003Cdiv class=\u0022shop__products__thumb hover__box__thumb flex align-items-center justify-content-center\u0022\u003E\n                                \u003Ca title=\u0022BLACK SKY 2\u0022 href=\u0022https:\/\/www.mundoarti.com\/media\/cache\/resolve\/watermark_filter\/foto-obra\/5bccbf770c272-ALR2143.jpeg\u0022 class=\u0022grid-item\u0022 rel=\u0022nofollow\u0022\u003E\n                                        \u003Cimg data-src=\u0022https:\/\/www.mundoarti.com\/media\/cache\/resolve\/watermark_filter\/foto-obra\/5bccbf770c272-ALR2143.jpeg\u0022\n                         alt=\u0022BLACK SKY 2\u0022 class=\u0022lazyload\u0022\u003E\n                    \u003C\/a\u003E\n                                                                    \n            \u003C\/div\u003E\n            \u003Cdiv class=\u0022shop__products__info\u0022\u003E\n                \u003Ch3\u003E\n                    \u003Ca title=\u0022BLACK SKY 2\u0022\u003EBLACK SKY 2\u003C\/a\u003E\n                \u003C\/h3\u003E\n                \u003Cdiv class=\u0022py-1\u0022\u003EF\u00e1tima Conesa Oliva\u003C\/div\u003E\n                                    \u003Ch3 class=\u0022mt-3\u0022\u003EObras seleccionadas\u003C\/h3\u003E\n                                            \u003C\/div\u003E\n        \u003C\/div\u003E\n    \u003C\/div\u003E\n\n\n                                                    \n            \n                                                            \n                 \n    \n                        \n    \n    \n    \u003Cdiv class=\u0022col-lg-3 col-sm-6\u0022\u003E\n        \u003Cdiv class=\u0022shop__products__item hover__box\u0022 style=\u0022padding: 0 10px\u0022\u003E\n            \u003Cdiv class=\u0022shop__products__thumb hover__box__thumb flex align-items-center justify-content-center\u0022\u003E\n                                \u003Ca title=\u0022C\u00d3MIC 1\u0022 href=\u0022https:\/\/www.mundoarti.com\/media\/cache\/resolve\/watermark_filter\/foto-obra\/5bc37e329ef36-ACB4225.jpeg\u0022 class=\u0022grid-item\u0022 rel=\u0022nofollow\u0022\u003E\n                                        \u003Cimg data-src=\u0022https:\/\/www.mundoarti.com\/media\/cache\/resolve\/watermark_filter\/foto-obra\/5bc37e329ef36-ACB4225.jpeg\u0022\n                         alt=\u0022C\u00d3MIC 1\u0022 class=\u0022lazyload\u0022\u003E\n                    \u003C\/a\u003E\n                                                                    \n            \u003C\/div\u003E\n            \u003Cdiv class=\u0022shop__products__info\u0022\u003E\n                \u003Ch3\u003E\n                    \u003Ca title=\u0022C\u00d3MIC 1\u0022\u003EC\u00d3MIC 1\u003C\/a\u003E\n                \u003C\/h3\u003E\n                \u003Cdiv class=\u0022py-1\u0022\u003ERoberto Carbajal Mass\u00f3\u003C\/div\u003E\n                                    \u003Ch3 class=\u0022mt-3\u0022\u003EObras seleccionadas\u003C\/h3\u003E\n                                            \u003C\/div\u003E\n        \u003C\/div\u003E\n    \u003C\/div\u003E\n\n\n                                                    \n            \n                                                            \n                 \n    \n                        \n    \n    \n    \u003Cdiv class=\u0022col-lg-3 col-sm-6\u0022\u003E\n        \u003Cdiv class=\u0022shop__products__item hover__box\u0022 style=\u0022padding: 0 10px\u0022\u003E\n            \u003Cdiv class=\u0022shop__products__thumb hover__box__thumb flex align-items-center justify-content-center\u0022\u003E\n                                \u003Ca title=\u0022TEATRO CERVANTES DE T\u00c1NGER\u0022 href=\u0022https:\/\/www.mundoarti.com\/media\/cache\/resolve\/watermark_filter\/foto-obra\/5bc9a1ce2c15d-AIL9654.jpeg\u0022 class=\u0022grid-item\u0022 rel=\u0022nofollow\u0022\u003E\n                                        \u003Cimg data-src=\u0022https:\/\/www.mundoarti.com\/media\/cache\/resolve\/watermark_filter\/foto-obra\/5bc9a1ce2c15d-AIL9654.jpeg\u0022\n                         alt=\u0022TEATRO CERVANTES DE T\u00c1NGER\u0022 class=\u0022lazyload\u0022\u003E\n                    \u003C\/a\u003E\n                                                                    \n            \u003C\/div\u003E\n            \u003Cdiv class=\u0022shop__products__info\u0022\u003E\n                \u003Ch3\u003E\n                    \u003Ca title=\u0022TEATRO CERVANTES DE T\u00c1NGER\u0022\u003ETEATRO CERVANTES DE T\u00c1NGER\u003C\/a\u003E\n                \u003C\/h3\u003E\n                \u003Cdiv class=\u0022py-1\u0022\u003ELorenzo Lopez Lumeras\u003C\/div\u003E\n                                    \u003Ch3 class=\u0022mt-3\u0022\u003EObras seleccionadas\u003C\/h3\u003E\n                                            \u003C\/div\u003E\n        \u003C\/div\u003E\n    \u003C\/div\u003E\n\n\n                                                    \n            \n                                                            \n                 \n    \n                        \n    \n    \n    \u003Cdiv class=\u0022col-lg-3 col-sm-6\u0022\u003E\n        \u003Cdiv class=\u0022shop__products__item hover__box\u0022 style=\u0022padding: 0 10px\u0022\u003E\n            \u003Cdiv class=\u0022shop__products__thumb hover__box__thumb flex align-items-center justify-content-center\u0022\u003E\n                                \u003Ca title=\u0022ME LO REGAL\u00d3 MI NOVIA, UN OSITO DE PELUCHE\u0022 href=\u0022https:\/\/www.mundoarti.com\/media\/cache\/resolve\/watermark_filter\/foto-obra\/5bccdd325ec84-AHA0699.jpeg\u0022 class=\u0022grid-item\u0022 rel=\u0022nofollow\u0022\u003E\n                                        \u003Cimg data-src=\u0022https:\/\/www.mundoarti.com\/media\/cache\/resolve\/watermark_filter\/foto-obra\/5bccdd325ec84-AHA0699.jpeg\u0022\n                         alt=\u0022ME LO REGAL\u00d3 MI NOVIA, UN OSITO DE PELUCHE\u0022 class=\u0022lazyload\u0022\u003E\n                    \u003C\/a\u003E\n                                                                    \n            \u003C\/div\u003E\n            \u003Cdiv class=\u0022shop__products__info\u0022\u003E\n                \u003Ch3\u003E\n                    \u003Ca title=\u0022ME LO REGAL\u00d3 MI NOVIA, UN OSITO DE PELUCHE\u0022\u003EME LO REGAL\u00d3 MI NOVIA, UN OSITO DE PELUCHE\u003C\/a\u003E\n                \u003C\/h3\u003E\n                \u003Cdiv class=\u0022py-1\u0022\u003EMATILDE GRANADO BELVIS\u003C\/div\u003E\n                                    \u003Ch3 class=\u0022mt-3\u0022\u003EObras seleccionadas\u003C\/h3\u003E\n                                            \u003C\/div\u003E\n        \u003C\/div\u003E\n    \u003C\/div\u003E\n\n\n                                                    \n            \n                                                            \n                 \n    \n                        \n    \n    \n    \u003Cdiv class=\u0022col-lg-3 col-sm-6\u0022\u003E\n        \u003Cdiv class=\u0022shop__products__item hover__box\u0022 style=\u0022padding: 0 10px\u0022\u003E\n            \u003Cdiv class=\u0022shop__products__thumb hover__box__thumb flex align-items-center justify-content-center\u0022\u003E\n                                \u003Ca title=\u0022\u0026quot;DULCINEA V\u0026quot; \u0022 href=\u0022https:\/\/www.mundoarti.com\/media\/cache\/resolve\/watermark_filter\/foto-obra\/5bc8d376eb66b-ABF6952.jpg\u0022 class=\u0022grid-item\u0022 rel=\u0022nofollow\u0022\u003E\n                                        \u003Cimg data-src=\u0022https:\/\/www.mundoarti.com\/media\/cache\/resolve\/watermark_filter\/foto-obra\/5bc8d376eb66b-ABF6952.jpg\u0022\n                         alt=\u0022\u0026quot;DULCINEA V\u0026quot; \u0022 class=\u0022lazyload\u0022\u003E\n                    \u003C\/a\u003E\n                                                            \u003Ca title=\u0022\u0026quot;DULCINEA V\u0026quot; \u0022 rel=\u0022nofollow\u0022\n                           href=\u0022https:\/\/mundoarti-prod.s3.eu-west-3.amazonaws.com\/watermark_filter\/foto-obra\/5bc8d37785894-ABF6952.jpg\u0022\n                           class=\u0022grid-item\u0022\u003E\n                        \u003C\/a\u003E\n                                            \u003Ca title=\u0022\u0026quot;DULCINEA V\u0026quot; \u0022 rel=\u0022nofollow\u0022\n                           href=\u0022https:\/\/mundoarti-prod.s3.eu-west-3.amazonaws.com\/watermark_filter\/foto-obra\/5bc8d3780f42b-ABF6952.jpg\u0022\n                           class=\u0022grid-item\u0022\u003E\n                        \u003C\/a\u003E\n                                                    \n            \u003C\/div\u003E\n            \u003Cdiv class=\u0022shop__products__info\u0022\u003E\n                \u003Ch3\u003E\n                    \u003Ca title=\u0022\u0026quot;DULCINEA V\u0026quot; \u0022\u003E\u0026quot;DULCINEA V\u0026quot; \u003C\/a\u003E\n                \u003C\/h3\u003E\n                \u003Cdiv class=\u0022py-1\u0022\u003EAdri\u00e1n S\u00e1nchez Encabo\u003C\/div\u003E\n                                    \u003Ch3 class=\u0022mt-3\u0022\u003EObras seleccionadas\u003C\/h3\u003E\n                                            \u003C\/div\u003E\n        \u003C\/div\u003E\n    \u003C\/div\u003E\n\n\n                                                    \n            \n                                                            \n                 \n    \n                        \n    \n    \n    \u003Cdiv class=\u0022col-lg-3 col-sm-6\u0022\u003E\n        \u003Cdiv class=\u0022shop__products__item hover__box\u0022 style=\u0022padding: 0 10px\u0022\u003E\n            \u003Cdiv class=\u0022shop__products__thumb hover__box__thumb flex align-items-center justify-content-center\u0022\u003E\n                                \u003Ca title=\u0022HEAVY WEIGHT\u0022 href=\u0022https:\/\/www.mundoarti.com\/media\/cache\/resolve\/watermark_filter\/foto-obra\/5bf7d9f15bc91-AAB7602.jpg\u0022 class=\u0022grid-item\u0022 rel=\u0022nofollow\u0022\u003E\n                                        \u003Cimg data-src=\u0022https:\/\/www.mundoarti.com\/media\/cache\/resolve\/watermark_filter\/foto-obra\/5bf7d9f15bc91-AAB7602.jpg\u0022\n                         alt=\u0022HEAVY WEIGHT\u0022 class=\u0022lazyload\u0022\u003E\n                    \u003C\/a\u003E\n                                                                    \n            \u003C\/div\u003E\n            \u003Cdiv class=\u0022shop__products__info\u0022\u003E\n                \u003Ch3\u003E\n                    \u003Ca title=\u0022HEAVY WEIGHT\u0022\u003EHEAVY WEIGHT\u003C\/a\u003E\n                \u003C\/h3\u003E\n                \u003Cdiv class=\u0022py-1\u0022\u003EHugo Orlandini Cappannari\u003C\/div\u003E\n                                    \u003Ch3 class=\u0022mt-3\u0022\u003EObras seleccionadas\u003C\/h3\u003E\n                                            \u003C\/div\u003E\n        \u003C\/div\u003E\n    \u003C\/div\u003E\n\n\n                                                    \n            \n                                                            \n                 \n    \n                        \n    \n    \n    \u003Cdiv class=\u0022col-lg-3 col-sm-6\u0022\u003E\n        \u003Cdiv class=\u0022shop__products__item hover__box\u0022 style=\u0022padding: 0 10px\u0022\u003E\n            \u003Cdiv class=\u0022shop__products__thumb hover__box__thumb flex align-items-center justify-content-center\u0022\u003E\n                                \u003Ca title=\u0022PRINCIPIO 11. SERIE LEYES\u0022 href=\u0022https:\/\/www.mundoarti.com\/media\/cache\/resolve\/watermark_filter\/foto-obra\/5bc318c1656b7-AQU8311.jpeg\u0022 class=\u0022grid-item\u0022 rel=\u0022nofollow\u0022\u003E\n                                        \u003Cimg data-src=\u0022https:\/\/www.mundoarti.com\/media\/cache\/resolve\/watermark_filter\/foto-obra\/5bc318c1656b7-AQU8311.jpeg\u0022\n                         alt=\u0022PRINCIPIO 11. SERIE LEYES\u0022 class=\u0022lazyload\u0022\u003E\n                    \u003C\/a\u003E\n                                                                    \n            \u003C\/div\u003E\n            \u003Cdiv class=\u0022shop__products__info\u0022\u003E\n                \u003Ch3\u003E\n                    \u003Ca title=\u0022PRINCIPIO 11. SERIE LEYES\u0022\u003EPRINCIPIO 11. SERIE LEYES\u003C\/a\u003E\n                \u003C\/h3\u003E\n                \u003Cdiv class=\u0022py-1\u0022\u003ELola Berenguer Su\u00e1rez\u003C\/div\u003E\n                                    \u003Ch3 class=\u0022mt-3\u0022\u003EObras seleccionadas\u003C\/h3\u003E\n                                            \u003C\/div\u003E\n        \u003C\/div\u003E\n    \u003C\/div\u003E\n\n\n                                                    \n            \n                                                            \n                 \n    \n                        \n    \n    \n    \u003Cdiv class=\u0022col-lg-3 col-sm-6\u0022\u003E\n        \u003Cdiv class=\u0022shop__products__item hover__box\u0022 style=\u0022padding: 0 10px\u0022\u003E\n            \u003Cdiv class=\u0022shop__products__thumb hover__box__thumb flex align-items-center justify-content-center\u0022\u003E\n                                \u003Ca title=\u0022SERES QUE HABITAN MI JARD\u00cdN I\u0022 href=\u0022https:\/\/www.mundoarti.com\/media\/cache\/resolve\/watermark_filter\/foto-obra\/5bc8e34ba019f-ANV8902.jpeg\u0022 class=\u0022grid-item\u0022 rel=\u0022nofollow\u0022\u003E\n                                        \u003Cimg data-src=\u0022https:\/\/www.mundoarti.com\/media\/cache\/resolve\/watermark_filter\/foto-obra\/5bc8e34ba019f-ANV8902.jpeg\u0022\n                         alt=\u0022SERES QUE HABITAN MI JARD\u00cdN I\u0022 class=\u0022lazyload\u0022\u003E\n                    \u003C\/a\u003E\n                                                                    \n            \u003C\/div\u003E\n            \u003Cdiv class=\u0022shop__products__info\u0022\u003E\n                \u003Ch3\u003E\n                    \u003Ca title=\u0022SERES QUE HABITAN MI JARD\u00cdN I\u0022\u003ESERES QUE HABITAN MI JARD\u00cdN I\u003C\/a\u003E\n                \u003C\/h3\u003E\n                \u003Cdiv class=\u0022py-1\u0022\u003ELUISA MARIA DEL REY\u003C\/div\u003E\n                                    \u003Ch3 class=\u0022mt-3\u0022\u003EObras seleccionadas\u003C\/h3\u003E\n                                            \u003C\/div\u003E\n        \u003C\/div\u003E\n    \u003C\/div\u003E\n\n\n                                                    \n            \n                                                            \n                 \n    \n                        \n    \n    \n    \u003Cdiv class=\u0022col-lg-3 col-sm-6\u0022\u003E\n        \u003Cdiv class=\u0022shop__products__item hover__box\u0022 style=\u0022padding: 0 10px\u0022\u003E\n            \u003Cdiv class=\u0022shop__products__thumb hover__box__thumb flex align-items-center justify-content-center\u0022\u003E\n                                \u003Ca title=\u0022ERASERHEADS\u0022 href=\u0022https:\/\/www.mundoarti.com\/media\/cache\/resolve\/watermark_filter\/foto-obra\/5bcb146732ab9-ACH8183.jpeg\u0022 class=\u0022grid-item\u0022 rel=\u0022nofollow\u0022\u003E\n                                        \u003Cimg data-src=\u0022https:\/\/www.mundoarti.com\/media\/cache\/resolve\/watermark_filter\/foto-obra\/5bcb146732ab9-ACH8183.jpeg\u0022\n                         alt=\u0022ERASERHEADS\u0022 class=\u0022lazyload\u0022\u003E\n                    \u003C\/a\u003E\n                                                                    \n            \u003C\/div\u003E\n            \u003Cdiv class=\u0022shop__products__info\u0022\u003E\n                \u003Ch3\u003E\n                    \u003Ca title=\u0022ERASERHEADS\u0022\u003EERASERHEADS\u003C\/a\u003E\n                \u003C\/h3\u003E\n                \u003Cdiv class=\u0022py-1\u0022\u003EAdri\u00e1n Ssegura\u003C\/div\u003E\n                                    \u003Ch3 class=\u0022mt-3\u0022\u003EObras seleccionadas\u003C\/h3\u003E\n                                            \u003C\/div\u003E\n        \u003C\/div\u003E\n    \u003C\/div\u003E\n\n\n                                                    \n            \n                                                            \n                 \n    \n                        \n    \n    \n    \u003Cdiv class=\u0022col-lg-3 col-sm-6\u0022\u003E\n        \u003Cdiv class=\u0022shop__products__item hover__box\u0022 style=\u0022padding: 0 10px\u0022\u003E\n            \u003Cdiv class=\u0022shop__products__thumb hover__box__thumb flex align-items-center justify-content-center\u0022\u003E\n                                \u003Ca title=\u0022VELUM IV\u0022 href=\u0022https:\/\/www.mundoarti.com\/media\/cache\/resolve\/watermark_filter\/foto-obra\/5bc9a30eee3df-AWO6911.jpeg\u0022 class=\u0022grid-item\u0022 rel=\u0022nofollow\u0022\u003E\n                                        \u003Cimg data-src=\u0022https:\/\/www.mundoarti.com\/media\/cache\/resolve\/watermark_filter\/foto-obra\/5bc9a30eee3df-AWO6911.jpeg\u0022\n                         alt=\u0022VELUM IV\u0022 class=\u0022lazyload\u0022\u003E\n                    \u003C\/a\u003E\n                                                                    \n            \u003C\/div\u003E\n            \u003Cdiv class=\u0022shop__products__info\u0022\u003E\n                \u003Ch3\u003E\n                    \u003Ca title=\u0022VELUM IV\u0022\u003EVELUM IV\u003C\/a\u003E\n                \u003C\/h3\u003E\n                \u003Cdiv class=\u0022py-1\u0022\u003EAna Pav\u00f3n Porras\u003C\/div\u003E\n                                    \u003Ch3 class=\u0022mt-3\u0022\u003EObras seleccionadas\u003C\/h3\u003E\n                                            \u003C\/div\u003E\n        \u003C\/div\u003E\n    \u003C\/div\u003E\n\n\n                                                    \n            \n                                                            \n                 \n    \n                        \n    \n    \n    \u003Cdiv class=\u0022col-lg-3 col-sm-6\u0022\u003E\n        \u003Cdiv class=\u0022shop__products__item hover__box\u0022 style=\u0022padding: 0 10px\u0022\u003E\n            \u003Cdiv class=\u0022shop__products__thumb hover__box__thumb flex align-items-center justify-content-center\u0022\u003E\n                                \u003Ca title=\u0022ESP\u00c9CIMEN 07\u0022 href=\u0022https:\/\/www.mundoarti.com\/media\/cache\/resolve\/watermark_filter\/foto-obra\/5bcc96b2391df-AXN6828.jpeg\u0022 class=\u0022grid-item\u0022 rel=\u0022nofollow\u0022\u003E\n                                        \u003Cimg data-src=\u0022https:\/\/www.mundoarti.com\/media\/cache\/resolve\/watermark_filter\/foto-obra\/5bcc96b2391df-AXN6828.jpeg\u0022\n                         alt=\u0022ESP\u00c9CIMEN 07\u0022 class=\u0022lazyload\u0022\u003E\n                    \u003C\/a\u003E\n                                                                    \n            \u003C\/div\u003E\n            \u003Cdiv class=\u0022shop__products__info\u0022\u003E\n                \u003Ch3\u003E\n                    \u003Ca title=\u0022ESP\u00c9CIMEN 07\u0022\u003EESP\u00c9CIMEN 07\u003C\/a\u003E\n                \u003C\/h3\u003E\n                \u003Cdiv class=\u0022py-1\u0022\u003EDaniel Ortega Buitr\u00f3n\u003C\/div\u003E\n                                    \u003Ch3 class=\u0022mt-3\u0022\u003EObras seleccionadas\u003C\/h3\u003E\n                                            \u003C\/div\u003E\n        \u003C\/div\u003E\n    \u003C\/div\u003E\n\n\n                                                    \n            \n                                                            \n                 \n    \n                        \n    \n    \n    \u003Cdiv class=\u0022col-lg-3 col-sm-6\u0022\u003E\n        \u003Cdiv class=\u0022shop__products__item hover__box\u0022 style=\u0022padding: 0 10px\u0022\u003E\n            \u003Cdiv class=\u0022shop__products__thumb hover__box__thumb flex align-items-center justify-content-center\u0022\u003E\n                                \u003Ca title=\u0022\u0026quot;TEXTURE VII\u0026quot;\u0022 href=\u0022https:\/\/www.mundoarti.com\/media\/cache\/resolve\/watermark_filter\/foto-obra\/5bc9992d087a1-ASG7576.jpeg\u0022 class=\u0022grid-item\u0022 rel=\u0022nofollow\u0022\u003E\n                                        \u003Cimg data-src=\u0022https:\/\/www.mundoarti.com\/media\/cache\/resolve\/watermark_filter\/foto-obra\/5bc9992d087a1-ASG7576.jpeg\u0022\n                         alt=\u0022\u0026quot;TEXTURE VII\u0026quot;\u0022 class=\u0022lazyload\u0022\u003E\n                    \u003C\/a\u003E\n                                                                    \n            \u003C\/div\u003E\n            \u003Cdiv class=\u0022shop__products__info\u0022\u003E\n                \u003Ch3\u003E\n                    \u003Ca title=\u0022\u0026quot;TEXTURE VII\u0026quot;\u0022\u003E\u0026quot;TEXTURE VII\u0026quot;\u003C\/a\u003E\n                \u003C\/h3\u003E\n                \u003Cdiv class=\u0022py-1\u0022\u003EAmaia Garc\u00eda Lanza\u003C\/div\u003E\n                                    \u003Ch3 class=\u0022mt-3\u0022\u003EObras seleccionadas\u003C\/h3\u003E\n                                            \u003C\/div\u003E\n        \u003C\/div\u003E\n    \u003C\/div\u003E\n\n\n                                                    \n            \n                                                            \n                 \n    \n                        \n    \n    \n    \u003Cdiv class=\u0022col-lg-3 col-sm-6\u0022\u003E\n        \u003Cdiv class=\u0022shop__products__item hover__box\u0022 style=\u0022padding: 0 10px\u0022\u003E\n            \u003Cdiv class=\u0022shop__products__thumb hover__box__thumb flex align-items-center justify-content-center\u0022\u003E\n                                \u003Ca title=\u0022S\/T (APUNTES PREVIOS SOBRE BLACK LANDSCAPE)\u0022 href=\u0022https:\/\/www.mundoarti.com\/media\/cache\/resolve\/watermark_filter\/foto-obra\/5bceeb4dee2f2-AFF1826.jpeg\u0022 class=\u0022grid-item\u0022 rel=\u0022nofollow\u0022\u003E\n                                        \u003Cimg data-src=\u0022https:\/\/www.mundoarti.com\/media\/cache\/resolve\/watermark_filter\/foto-obra\/5bceeb4dee2f2-AFF1826.jpeg\u0022\n                         alt=\u0022S\/T (APUNTES PREVIOS SOBRE BLACK LANDSCAPE)\u0022 class=\u0022lazyload\u0022\u003E\n                    \u003C\/a\u003E\n                                                            \u003Ca title=\u0022S\/T (APUNTES PREVIOS SOBRE BLACK LANDSCAPE)\u0022 rel=\u0022nofollow\u0022\n                           href=\u0022https:\/\/mundoarti-prod.s3.eu-west-3.amazonaws.com\/watermark_filter\/foto-obra\/5bceeb4e0d728-AFF1826.jpeg\u0022\n                           class=\u0022grid-item\u0022\u003E\n                        \u003C\/a\u003E\n                                                    \n            \u003C\/div\u003E\n            \u003Cdiv class=\u0022shop__products__info\u0022\u003E\n                \u003Ch3\u003E\n                    \u003Ca title=\u0022S\/T (APUNTES PREVIOS SOBRE BLACK LANDSCAPE)\u0022\u003ES\/T (APUNTES PREVIOS SOBRE BLACK LANDSCAPE)\u003C\/a\u003E\n                \u003C\/h3\u003E\n                \u003Cdiv class=\u0022py-1\u0022\u003ELloren\u00e7 Ugas Dubreuil\u003C\/div\u003E\n                                    \u003Ch3 class=\u0022mt-3\u0022\u003EObras seleccionadas\u003C\/h3\u003E\n                                            \u003C\/div\u003E\n        \u003C\/div\u003E\n    \u003C\/div\u003E\n\n\n                                                    \n            \n                                                            \n                 \n    \n                        \n    \n    \n    \u003Cdiv class=\u0022col-lg-3 col-sm-6\u0022\u003E\n        \u003Cdiv class=\u0022shop__products__item hover__box\u0022 style=\u0022padding: 0 10px\u0022\u003E\n            \u003Cdiv class=\u0022shop__products__thumb hover__box__thumb flex align-items-center justify-content-center\u0022\u003E\n                                \u003Ca title=\u0022PRINCIPIO 12. SERIE LEYES\u0022 href=\u0022https:\/\/www.mundoarti.com\/media\/cache\/resolve\/watermark_filter\/foto-obra\/5bc31996ade3a-AQU8311.jpeg\u0022 class=\u0022grid-item\u0022 rel=\u0022nofollow\u0022\u003E\n                                        \u003Cimg data-src=\u0022https:\/\/www.mundoarti.com\/media\/cache\/resolve\/watermark_filter\/foto-obra\/5bc31996ade3a-AQU8311.jpeg\u0022\n                         alt=\u0022PRINCIPIO 12. SERIE LEYES\u0022 class=\u0022lazyload\u0022\u003E\n                    \u003C\/a\u003E\n                                                                    \n            \u003C\/div\u003E\n            \u003Cdiv class=\u0022shop__products__info\u0022\u003E\n                \u003Ch3\u003E\n                    \u003Ca title=\u0022PRINCIPIO 12. SERIE LEYES\u0022\u003EPRINCIPIO 12. SERIE LEYES\u003C\/a\u003E\n                \u003C\/h3\u003E\n                \u003Cdiv class=\u0022py-1\u0022\u003ELola Berenguer Su\u00e1rez\u003C\/div\u003E\n                                    \u003Ch3 class=\u0022mt-3\u0022\u003EObras seleccionadas\u003C\/h3\u003E\n                                            \u003C\/div\u003E\n        \u003C\/div\u003E\n    \u003C\/div\u003E\n\n\n                                                    \n            \n                                                            \n                 \n    \n                        \n    \n    \n    \u003Cdiv class=\u0022col-lg-3 col-sm-6\u0022\u003E\n        \u003Cdiv class=\u0022shop__products__item hover__box\u0022 style=\u0022padding: 0 10px\u0022\u003E\n            \u003Cdiv class=\u0022shop__products__thumb hover__box__thumb flex align-items-center justify-content-center\u0022\u003E\n                                \u003Ca title=\u002210H 45M 10S 04\u00b023\u2032 33\u2033\u0022 href=\u0022https:\/\/www.mundoarti.com\/media\/cache\/resolve\/watermark_filter\/foto-obra\/5bf7da682a180-AMX5102.jpg\u0022 class=\u0022grid-item\u0022 rel=\u0022nofollow\u0022\u003E\n                                        \u003Cimg data-src=\u0022https:\/\/www.mundoarti.com\/media\/cache\/resolve\/watermark_filter\/foto-obra\/5bf7da682a180-AMX5102.jpg\u0022\n                         alt=\u002210H 45M 10S 04\u00b023\u2032 33\u2033\u0022 class=\u0022lazyload\u0022\u003E\n                    \u003C\/a\u003E\n                                                                    \n            \u003C\/div\u003E\n            \u003Cdiv class=\u0022shop__products__info\u0022\u003E\n                \u003Ch3\u003E\n                    \u003Ca title=\u002210H 45M 10S 04\u00b023\u2032 33\u2033\u0022\u003E10H 45M 10S 04\u00b023\u2032 33\u2033\u003C\/a\u003E\n                \u003C\/h3\u003E\n                \u003Cdiv class=\u0022py-1\u0022\u003Eabel fernandez\u003C\/div\u003E\n                                    \u003Ch3 class=\u0022mt-3\u0022\u003EObras seleccionadas\u003C\/h3\u003E\n                                            \u003C\/div\u003E\n        \u003C\/div\u003E\n    \u003C\/div\u003E\n\n\n                                                    \n            \n                                                            \n                 \n    \n                        \n    \n    \n    \u003Cdiv class=\u0022col-lg-3 col-sm-6\u0022\u003E\n        \u003Cdiv class=\u0022shop__products__item hover__box\u0022 style=\u0022padding: 0 10px\u0022\u003E\n            \u003Cdiv class=\u0022shop__products__thumb hover__box__thumb flex align-items-center justify-content-center\u0022\u003E\n                                \u003Ca title=\u0022UNA COSA LLEVA A LA OTRA\u0022 href=\u0022https:\/\/www.mundoarti.com\/media\/cache\/resolve\/watermark_filter\/foto-obra\/5bc981d746077-AYN4718.jpeg\u0022 class=\u0022grid-item\u0022 rel=\u0022nofollow\u0022\u003E\n                                        \u003Cimg data-src=\u0022https:\/\/www.mundoarti.com\/media\/cache\/resolve\/watermark_filter\/foto-obra\/5bc981d746077-AYN4718.jpeg\u0022\n                         alt=\u0022UNA COSA LLEVA A LA OTRA\u0022 class=\u0022lazyload\u0022\u003E\n                    \u003C\/a\u003E\n                                                                    \n            \u003C\/div\u003E\n            \u003Cdiv class=\u0022shop__products__info\u0022\u003E\n                \u003Ch3\u003E\n                    \u003Ca title=\u0022UNA COSA LLEVA A LA OTRA\u0022\u003EUNA COSA LLEVA A LA OTRA\u003C\/a\u003E\n                \u003C\/h3\u003E\n                \u003Cdiv class=\u0022py-1\u0022\u003EJES\u00daS PIZARRO CA\u00d1AMERO\u003C\/div\u003E\n                                    \u003Ch3 class=\u0022mt-3\u0022\u003EObras seleccionadas\u003C\/h3\u003E\n                                            \u003C\/div\u003E\n        \u003C\/div\u003E\n    \u003C\/div\u003E\n\n\n                                                    \n            \n                                                            \n                 \n    \n                        \n    \n    \n    \u003Cdiv class=\u0022col-lg-3 col-sm-6\u0022\u003E\n        \u003Cdiv class=\u0022shop__products__item hover__box\u0022 style=\u0022padding: 0 10px\u0022\u003E\n            \u003Cdiv class=\u0022shop__products__thumb hover__box__thumb flex align-items-center justify-content-center\u0022\u003E\n                                \u003Ca title=\u0022SUBLIMACI\u00d3N DE LAS DEJACIONES.\u0022 href=\u0022https:\/\/www.mundoarti.com\/media\/cache\/resolve\/watermark_filter\/foto-obra\/5bc8aa6c13b18-AIL9654.jpeg\u0022 class=\u0022grid-item\u0022 rel=\u0022nofollow\u0022\u003E\n                                        \u003Cimg data-src=\u0022https:\/\/www.mundoarti.com\/media\/cache\/resolve\/watermark_filter\/foto-obra\/5bc8aa6c13b18-AIL9654.jpeg\u0022\n                         alt=\u0022SUBLIMACI\u00d3N DE LAS DEJACIONES.\u0022 class=\u0022lazyload\u0022\u003E\n                    \u003C\/a\u003E\n                                                                    \n            \u003C\/div\u003E\n            \u003Cdiv class=\u0022shop__products__info\u0022\u003E\n                \u003Ch3\u003E\n                    \u003Ca title=\u0022SUBLIMACI\u00d3N DE LAS DEJACIONES.\u0022\u003ESUBLIMACI\u00d3N DE LAS DEJACIONES.\u003C\/a\u003E\n                \u003C\/h3\u003E\n                \u003Cdiv class=\u0022py-1\u0022\u003ELorenzo Lopez Lumeras\u003C\/div\u003E\n                                    \u003Ch3 class=\u0022mt-3\u0022\u003EObras seleccionadas\u003C\/h3\u003E\n                                            \u003C\/div\u003E\n        \u003C\/div\u003E\n    \u003C\/div\u003E\n\n\n                                            \u003C\/div\u003E\n                            \u003C\/div\u003E\n        \u003C\/div\u003E\n        \n    \u003Cscript src=\u0022\/assets\/frontend\/js\/plugins\/lightgallery.min.js\u0022 type=\u0022text\/javascript\u0022\u003E\u003C\/script\u003E\n    \u003Cscript src=\u0022\/assets\/frontend\/js\/plugins\/lightgalleryVimeoPlugin.min.js\u0022\n            type=\u0022text\/javascript\u0022\u003E\u003C\/script\u003E\n    \u003Cscript type=\u0022text\/javascript\u0022\u003E\n        $(\u0022.light_gallery\u0022).lightGallery({\n            selector: \u0027.grid-item\u0027\n        });\n    \u003C\/script\u003E\n"